{"id":19744,"date":"2021-03-08T20:17:54","date_gmt":"2021-03-08T20:17:54","guid":{"rendered":"https:\/\/gflenv.com\/gfl-et-sault-ste-marie-marquent-cinq-ans-de-recyclage-des-chariots\/"},"modified":"2021-03-08T20:17:57","modified_gmt":"2021-03-08T20:17:57","slug":"gfl-et-sault-ste-marie-marquent-cinq-ans-de-recyclage-des-chariots","status":"publish","type":"post","link":"https:\/\/gflenv.com\/fr\/gfl-et-sault-ste-marie-marquent-cinq-ans-de-recyclage-des-chariots\/","title":{"rendered":"GFL et Sault Ste. Marie marquent cinq ans de recyclage des chariots"},"content":{"rendered":"\n<p>M\u00c2CHOIRE D\u2019ANCRAGE. MARIE (Ontario), le 13 ao\u00fbt 2018 \u2014 GFL et Sault Ste. Marie c\u00e9l\u00e8brent cinq ann\u00e9es fructueuses de recyclage de chariots divis\u00e9s en ville. Le d\u00e9ploiement du programme de 28 000 chariots en 2013 fournit maintenant des donn\u00e9es r\u00e9elles sur l\u2019efficacit\u00e9 de la collecte de chariots de grande taille en Ontario.<\/p>\n\n<p><a href=\"https:\/\/www.recyclingproductnews.com\/article\/28813\/sault-ste-marie-and-gfl-celebrate-five-successful-years-of-split-body-cart-recycling\" target=\"_blank\" rel=\"noreferrer noopener\">En savoir plus &gt;<\/a><\/p>\n\n<h6 class=\"wp-block-heading\"><em>Article par Nouvelles sur les produits de recyclage<\/em><\/h6>\n","protected":false},"excerpt":{"rendered":"<p>M\u00c2CHOIRE D\u2019ANCRAGE. MARIE (Ontario), le 13 ao\u00fbt 2018 \u2014 GFL et Sault Ste. Marie c\u00e9l\u00e8brent cinq ann\u00e9es fructueuses de recyclage de chariots divis\u00e9s en ville. Le d\u00e9ploiement du programme de 28 000 chariots en 2013 fournit maintenant des donn\u00e9es r\u00e9elles sur l\u2019efficacit\u00e9 de la collecte de chariots de grande taille en Ontario. En savoir plus [&hellip;]<\/p>\n","protected":false},"author":9,"featured_media":10092,"comment_status":"open","ping_status":"open","sticky":false,"template":"","format":"standard","meta":{"_acf_changed":false,"inline_featured_image":false,"footnotes":""},"categories":[21],"tags":[126],"class_list":["post-19744","post","type-post","status-publish","format-standard","has-post-thumbnail","hentry","category-non-classifiee","tag-nouvelles-de-lentreprise"],"acf":[],"yoast_head":"<!-- This site is optimized with the Yoast SEO plugin v27.4 - https:\/\/yoast.com\/product\/yoast-seo-wordpress\/ -->\n<title>GFL et Sault Ste. Marie marquent cinq ans de recyclage des chariots - GFL Environmental Inc.<\/title>\n<meta name=\"description\" content=\"GFL et Sault Ste. Marie c\u00e9l\u00e8brent cinq ann\u00e9es fructueuses de recyclage de chariots divis\u00e9s dans la ville.\" \/>\n<meta name=\"robots\" content=\"index, follow, max-snippet:-1, max-image-preview:large, max-video-preview:-1\" \/>\n<link rel=\"canonical\" href=\"https:\/\/gflenv.com\/fr\/gfl-et-sault-ste-marie-marquent-cinq-ans-de-recyclage-des-chariots\/\" \/>\n<meta property=\"og:locale\" content=\"en_US\" \/>\n<meta property=\"og:type\" content=\"article\" \/>\n<meta property=\"og:title\" content=\"GFL et Sault Ste. Marie marquent cinq ans de recyclage des chariots - GFL Environmental Inc.\" \/>\n<meta property=\"og:description\" content=\"GFL et Sault Ste. Marie c\u00e9l\u00e8brent cinq ann\u00e9es fructueuses de recyclage de chariots divis\u00e9s dans la ville.\" \/>\n<meta property=\"og:url\" content=\"https:\/\/gflenv.com\/fr\/gfl-et-sault-ste-marie-marquent-cinq-ans-de-recyclage-des-chariots\/\" \/>\n<meta property=\"og:site_name\" content=\"GFL Environmental Inc.\" \/>\n<meta property=\"article:publisher\" content=\"https:\/\/www.facebook.com\/gflenvironmental\" \/>\n<meta property=\"article:published_time\" content=\"2021-03-08T20:17:54+00:00\" \/>\n<meta property=\"article:modified_time\" content=\"2021-03-08T20:17:57+00:00\" \/>\n<meta property=\"og:image\" content=\"https:\/\/gflenv.com\/wp-content\/uploads\/2018\/08\/GFL-Environmental-Blog.jpg\" \/>\n\t<meta property=\"og:image:width\" content=\"800\" \/>\n\t<meta property=\"og:image:height\" content=\"425\" \/>\n\t<meta property=\"og:image:type\" content=\"image\/jpeg\" \/>\n<meta name=\"author\" content=\"Cole Watts\" \/>\n<meta name=\"twitter:card\" content=\"summary_large_image\" \/>\n<meta name=\"twitter:creator\" content=\"@gflenv\" \/>\n<meta name=\"twitter:site\" content=\"@gflenv\" \/>\n<meta name=\"twitter:label1\" content=\"Written by\" \/>\n\t<meta name=\"twitter:data1\" content=\"Cole Watts\" \/>\n<script type=\"application\/ld+json\" class=\"yoast-schema-graph\">{\"@context\":\"https:\\\/\\\/schema.org\",\"@graph\":[{\"@type\":\"Article\",\"@id\":\"https:\\\/\\\/gflenv.com\\\/fr\\\/gfl-et-sault-ste-marie-marquent-cinq-ans-de-recyclage-des-chariots\\\/#article\",\"isPartOf\":{\"@id\":\"https:\\\/\\\/gflenv.com\\\/fr\\\/gfl-et-sault-ste-marie-marquent-cinq-ans-de-recyclage-des-chariots\\\/\"},\"author\":{\"name\":\"Cole Watts\",\"@id\":\"https:\\\/\\\/gflenv.com\\\/#\\\/schema\\\/person\\\/5b038bc1b93065bd0d8a2b66691beab1\"},\"headline\":\"GFL et Sault Ste. Marie marquent cinq ans de recyclage des chariots\",\"datePublished\":\"2021-03-08T20:17:54+00:00\",\"dateModified\":\"2021-03-08T20:17:57+00:00\",\"mainEntityOfPage\":{\"@id\":\"https:\\\/\\\/gflenv.com\\\/fr\\\/gfl-et-sault-ste-marie-marquent-cinq-ans-de-recyclage-des-chariots\\\/\"},\"wordCount\":81,\"commentCount\":0,\"publisher\":{\"@id\":\"https:\\\/\\\/gflenv.com\\\/#organization\"},\"image\":{\"@id\":\"https:\\\/\\\/gflenv.com\\\/fr\\\/gfl-et-sault-ste-marie-marquent-cinq-ans-de-recyclage-des-chariots\\\/#primaryimage\"},\"thumbnailUrl\":\"https:\\\/\\\/gflenv.com\\\/wp-content\\\/uploads\\\/2018\\\/08\\\/GFL-Environmental-Blog.jpg\",\"keywords\":[\"Nouvelles de l\u2019entreprise\"],\"articleSection\":[\"Non classifi\u00e9(e)\"],\"inLanguage\":\"en-CA\",\"potentialAction\":[{\"@type\":\"CommentAction\",\"name\":\"Comment\",\"target\":[\"https:\\\/\\\/gflenv.com\\\/fr\\\/gfl-et-sault-ste-marie-marquent-cinq-ans-de-recyclage-des-chariots\\\/#respond\"]}]},{\"@type\":\"WebPage\",\"@id\":\"https:\\\/\\\/gflenv.com\\\/fr\\\/gfl-et-sault-ste-marie-marquent-cinq-ans-de-recyclage-des-chariots\\\/\",\"url\":\"https:\\\/\\\/gflenv.com\\\/fr\\\/gfl-et-sault-ste-marie-marquent-cinq-ans-de-recyclage-des-chariots\\\/\",\"name\":\"GFL et Sault Ste. Marie marquent cinq ans de recyclage des chariots - GFL Environmental Inc.\",\"isPartOf\":{\"@id\":\"https:\\\/\\\/gflenv.com\\\/#website\"},\"primaryImageOfPage\":{\"@id\":\"https:\\\/\\\/gflenv.com\\\/fr\\\/gfl-et-sault-ste-marie-marquent-cinq-ans-de-recyclage-des-chariots\\\/#primaryimage\"},\"image\":{\"@id\":\"https:\\\/\\\/gflenv.com\\\/fr\\\/gfl-et-sault-ste-marie-marquent-cinq-ans-de-recyclage-des-chariots\\\/#primaryimage\"},\"thumbnailUrl\":\"https:\\\/\\\/gflenv.com\\\/wp-content\\\/uploads\\\/2018\\\/08\\\/GFL-Environmental-Blog.jpg\",\"datePublished\":\"2021-03-08T20:17:54+00:00\",\"dateModified\":\"2021-03-08T20:17:57+00:00\",\"description\":\"GFL et Sault Ste. Marie c\u00e9l\u00e8brent cinq ann\u00e9es fructueuses de recyclage de chariots divis\u00e9s dans la ville.\",\"breadcrumb\":{\"@id\":\"https:\\\/\\\/gflenv.com\\\/fr\\\/gfl-et-sault-ste-marie-marquent-cinq-ans-de-recyclage-des-chariots\\\/#breadcrumb\"},\"inLanguage\":\"en-CA\",\"potentialAction\":[{\"@type\":\"ReadAction\",\"target\":[\"https:\\\/\\\/gflenv.com\\\/fr\\\/gfl-et-sault-ste-marie-marquent-cinq-ans-de-recyclage-des-chariots\\\/\"]}]},{\"@type\":\"ImageObject\",\"inLanguage\":\"en-CA\",\"@id\":\"https:\\\/\\\/gflenv.com\\\/fr\\\/gfl-et-sault-ste-marie-marquent-cinq-ans-de-recyclage-des-chariots\\\/#primaryimage\",\"url\":\"https:\\\/\\\/gflenv.com\\\/wp-content\\\/uploads\\\/2018\\\/08\\\/GFL-Environmental-Blog.jpg\",\"contentUrl\":\"https:\\\/\\\/gflenv.com\\\/wp-content\\\/uploads\\\/2018\\\/08\\\/GFL-Environmental-Blog.jpg\",\"width\":800,\"height\":425,\"caption\":\"GFL Environmental Blog\"},{\"@type\":\"BreadcrumbList\",\"@id\":\"https:\\\/\\\/gflenv.com\\\/fr\\\/gfl-et-sault-ste-marie-marquent-cinq-ans-de-recyclage-des-chariots\\\/#breadcrumb\",\"itemListElement\":[{\"@type\":\"ListItem\",\"position\":1,\"name\":\"Home\",\"item\":\"https:\\\/\\\/gflenv.com\\\/\"},{\"@type\":\"ListItem\",\"position\":2,\"name\":\"GFL et Sault Ste. Marie marquent cinq ans de recyclage des chariots\"}]},{\"@type\":\"WebSite\",\"@id\":\"https:\\\/\\\/gflenv.com\\\/#website\",\"url\":\"https:\\\/\\\/gflenv.com\\\/\",\"name\":\"GFL Environmental Inc.\",\"description\":\"Waste Management &amp; Environmental Services\",\"publisher\":{\"@id\":\"https:\\\/\\\/gflenv.com\\\/#organization\"},\"potentialAction\":[{\"@type\":\"SearchAction\",\"target\":{\"@type\":\"EntryPoint\",\"urlTemplate\":\"https:\\\/\\\/gflenv.com\\\/?s={search_term_string}\"},\"query-input\":{\"@type\":\"PropertyValueSpecification\",\"valueRequired\":true,\"valueName\":\"search_term_string\"}}],\"inLanguage\":\"en-CA\"},{\"@type\":\"Organization\",\"@id\":\"https:\\\/\\\/gflenv.com\\\/#organization\",\"name\":\"GFL Environmental Inc.\",\"alternateName\":\"GFL\",\"url\":\"https:\\\/\\\/gflenv.com\\\/\",\"logo\":{\"@type\":\"ImageObject\",\"inLanguage\":\"en-CA\",\"@id\":\"https:\\\/\\\/gflenv.com\\\/#\\\/schema\\\/logo\\\/image\\\/\",\"url\":\"https:\\\/\\\/gflenv.com\\\/wp-content\\\/uploads\\\/2025\\\/10\\\/GFL_Env_LOGO_Stacked_RGB-1.png\",\"contentUrl\":\"https:\\\/\\\/gflenv.com\\\/wp-content\\\/uploads\\\/2025\\\/10\\\/GFL_Env_LOGO_Stacked_RGB-1.png\",\"width\":1569,\"height\":1627,\"caption\":\"GFL Environmental Inc.\"},\"image\":{\"@id\":\"https:\\\/\\\/gflenv.com\\\/#\\\/schema\\\/logo\\\/image\\\/\"},\"sameAs\":[\"https:\\\/\\\/www.facebook.com\\\/gflenvironmental\",\"https:\\\/\\\/x.com\\\/gflenv\",\"https:\\\/\\\/www.linkedin.com\\\/company\\\/gflenvironmental\\\/\",\"https:\\\/\\\/www.youtube.com\\\/channel\\\/UC4j8cdyyHcZEXgSFX-jbD5g\",\"https:\\\/\\\/www.instagram.com\\\/gflenvironmental\"]},{\"@type\":\"Person\",\"@id\":\"https:\\\/\\\/gflenv.com\\\/#\\\/schema\\\/person\\\/5b038bc1b93065bd0d8a2b66691beab1\",\"name\":\"Cole Watts\",\"image\":{\"@type\":\"ImageObject\",\"inLanguage\":\"en-CA\",\"@id\":\"https:\\\/\\\/secure.gravatar.com\\\/avatar\\\/3a45da6e6e58ab41f63ddbfa8dca073fc0f7b2c5f73af711e399bc6de51bbc26?s=96&d=mm&r=g\",\"url\":\"https:\\\/\\\/secure.gravatar.com\\\/avatar\\\/3a45da6e6e58ab41f63ddbfa8dca073fc0f7b2c5f73af711e399bc6de51bbc26?s=96&d=mm&r=g\",\"contentUrl\":\"https:\\\/\\\/secure.gravatar.com\\\/avatar\\\/3a45da6e6e58ab41f63ddbfa8dca073fc0f7b2c5f73af711e399bc6de51bbc26?s=96&d=mm&r=g\",\"caption\":\"Cole Watts\"}}]}<\/script>\n<!-- \/ Yoast SEO plugin. -->","yoast_head_json":{"title":"GFL et Sault Ste. Marie marquent cinq ans de recyclage des chariots - GFL Environmental Inc.","description":"GFL et Sault Ste. Marie c\u00e9l\u00e8brent cinq ann\u00e9es fructueuses de recyclage de chariots divis\u00e9s dans la ville.","robots":{"index":"index","follow":"follow","max-snippet":"max-snippet:-1","max-image-preview":"max-image-preview:large","max-video-preview":"max-video-preview:-1"},"canonical":"https:\/\/gflenv.com\/fr\/gfl-et-sault-ste-marie-marquent-cinq-ans-de-recyclage-des-chariots\/","og_locale":"en_US","og_type":"article","og_title":"GFL et Sault Ste. Marie marquent cinq ans de recyclage des chariots - GFL Environmental Inc.","og_description":"GFL et Sault Ste. Marie c\u00e9l\u00e8brent cinq ann\u00e9es fructueuses de recyclage de chariots divis\u00e9s dans la ville.","og_url":"https:\/\/gflenv.com\/fr\/gfl-et-sault-ste-marie-marquent-cinq-ans-de-recyclage-des-chariots\/","og_site_name":"GFL Environmental Inc.","article_publisher":"https:\/\/www.facebook.com\/gflenvironmental","article_published_time":"2021-03-08T20:17:54+00:00","article_modified_time":"2021-03-08T20:17:57+00:00","og_image":[{"width":800,"height":425,"url":"https:\/\/gflenv.com\/wp-content\/uploads\/2018\/08\/GFL-Environmental-Blog.jpg","type":"image\/jpeg"}],"author":"Cole Watts","twitter_card":"summary_large_image","twitter_creator":"@gflenv","twitter_site":"@gflenv","twitter_misc":{"Written by":"Cole Watts"},"schema":{"@context":"https:\/\/schema.org","@graph":[{"@type":"Article","@id":"https:\/\/gflenv.com\/fr\/gfl-et-sault-ste-marie-marquent-cinq-ans-de-recyclage-des-chariots\/#article","isPartOf":{"@id":"https:\/\/gflenv.com\/fr\/gfl-et-sault-ste-marie-marquent-cinq-ans-de-recyclage-des-chariots\/"},"author":{"name":"Cole Watts","@id":"https:\/\/gflenv.com\/#\/schema\/person\/5b038bc1b93065bd0d8a2b66691beab1"},"headline":"GFL et Sault Ste. Marie marquent cinq ans de recyclage des chariots","datePublished":"2021-03-08T20:17:54+00:00","dateModified":"2021-03-08T20:17:57+00:00","mainEntityOfPage":{"@id":"https:\/\/gflenv.com\/fr\/gfl-et-sault-ste-marie-marquent-cinq-ans-de-recyclage-des-chariots\/"},"wordCount":81,"commentCount":0,"publisher":{"@id":"https:\/\/gflenv.com\/#organization"},"image":{"@id":"https:\/\/gflenv.com\/fr\/gfl-et-sault-ste-marie-marquent-cinq-ans-de-recyclage-des-chariots\/#primaryimage"},"thumbnailUrl":"https:\/\/gflenv.com\/wp-content\/uploads\/2018\/08\/GFL-Environmental-Blog.jpg","keywords":["Nouvelles de l\u2019entreprise"],"articleSection":["Non classifi\u00e9(e)"],"inLanguage":"en-CA","potentialAction":[{"@type":"CommentAction","name":"Comment","target":["https:\/\/gflenv.com\/fr\/gfl-et-sault-ste-marie-marquent-cinq-ans-de-recyclage-des-chariots\/#respond"]}]},{"@type":"WebPage","@id":"https:\/\/gflenv.com\/fr\/gfl-et-sault-ste-marie-marquent-cinq-ans-de-recyclage-des-chariots\/","url":"https:\/\/gflenv.com\/fr\/gfl-et-sault-ste-marie-marquent-cinq-ans-de-recyclage-des-chariots\/","name":"GFL et Sault Ste. Marie marquent cinq ans de recyclage des chariots - GFL Environmental Inc.","isPartOf":{"@id":"https:\/\/gflenv.com\/#website"},"primaryImageOfPage":{"@id":"https:\/\/gflenv.com\/fr\/gfl-et-sault-ste-marie-marquent-cinq-ans-de-recyclage-des-chariots\/#primaryimage"},"image":{"@id":"https:\/\/gflenv.com\/fr\/gfl-et-sault-ste-marie-marquent-cinq-ans-de-recyclage-des-chariots\/#primaryimage"},"thumbnailUrl":"https:\/\/gflenv.com\/wp-content\/uploads\/2018\/08\/GFL-Environmental-Blog.jpg","datePublished":"2021-03-08T20:17:54+00:00","dateModified":"2021-03-08T20:17:57+00:00","description":"GFL et Sault Ste. Marie c\u00e9l\u00e8brent cinq ann\u00e9es fructueuses de recyclage de chariots divis\u00e9s dans la ville.","breadcrumb":{"@id":"https:\/\/gflenv.com\/fr\/gfl-et-sault-ste-marie-marquent-cinq-ans-de-recyclage-des-chariots\/#breadcrumb"},"inLanguage":"en-CA","potentialAction":[{"@type":"ReadAction","target":["https:\/\/gflenv.com\/fr\/gfl-et-sault-ste-marie-marquent-cinq-ans-de-recyclage-des-chariots\/"]}]},{"@type":"ImageObject","inLanguage":"en-CA","@id":"https:\/\/gflenv.com\/fr\/gfl-et-sault-ste-marie-marquent-cinq-ans-de-recyclage-des-chariots\/#primaryimage","url":"https:\/\/gflenv.com\/wp-content\/uploads\/2018\/08\/GFL-Environmental-Blog.jpg","contentUrl":"https:\/\/gflenv.com\/wp-content\/uploads\/2018\/08\/GFL-Environmental-Blog.jpg","width":800,"height":425,"caption":"GFL Environmental Blog"},{"@type":"BreadcrumbList","@id":"https:\/\/gflenv.com\/fr\/gfl-et-sault-ste-marie-marquent-cinq-ans-de-recyclage-des-chariots\/#breadcrumb","itemListElement":[{"@type":"ListItem","position":1,"name":"Home","item":"https:\/\/gflenv.com\/"},{"@type":"ListItem","position":2,"name":"GFL et Sault Ste. Marie marquent cinq ans de recyclage des chariots"}]},{"@type":"WebSite","@id":"https:\/\/gflenv.com\/#website","url":"https:\/\/gflenv.com\/","name":"GFL Environmental Inc.","description":"Waste Management &amp; Environmental Services","publisher":{"@id":"https:\/\/gflenv.com\/#organization"},"potentialAction":[{"@type":"SearchAction","target":{"@type":"EntryPoint","urlTemplate":"https:\/\/gflenv.com\/?s={search_term_string}"},"query-input":{"@type":"PropertyValueSpecification","valueRequired":true,"valueName":"search_term_string"}}],"inLanguage":"en-CA"},{"@type":"Organization","@id":"https:\/\/gflenv.com\/#organization","name":"GFL Environmental Inc.","alternateName":"GFL","url":"https:\/\/gflenv.com\/","logo":{"@type":"ImageObject","inLanguage":"en-CA","@id":"https:\/\/gflenv.com\/#\/schema\/logo\/image\/","url":"https:\/\/gflenv.com\/wp-content\/uploads\/2025\/10\/GFL_Env_LOGO_Stacked_RGB-1.png","contentUrl":"https:\/\/gflenv.com\/wp-content\/uploads\/2025\/10\/GFL_Env_LOGO_Stacked_RGB-1.png","width":1569,"height":1627,"caption":"GFL Environmental Inc."},"image":{"@id":"https:\/\/gflenv.com\/#\/schema\/logo\/image\/"},"sameAs":["https:\/\/www.facebook.com\/gflenvironmental","https:\/\/x.com\/gflenv","https:\/\/www.linkedin.com\/company\/gflenvironmental\/","https:\/\/www.youtube.com\/channel\/UC4j8cdyyHcZEXgSFX-jbD5g","https:\/\/www.instagram.com\/gflenvironmental"]},{"@type":"Person","@id":"https:\/\/gflenv.com\/#\/schema\/person\/5b038bc1b93065bd0d8a2b66691beab1","name":"Cole Watts","image":{"@type":"ImageObject","inLanguage":"en-CA","@id":"https:\/\/secure.gravatar.com\/avatar\/3a45da6e6e58ab41f63ddbfa8dca073fc0f7b2c5f73af711e399bc6de51bbc26?s=96&d=mm&r=g","url":"https:\/\/secure.gravatar.com\/avatar\/3a45da6e6e58ab41f63ddbfa8dca073fc0f7b2c5f73af711e399bc6de51bbc26?s=96&d=mm&r=g","contentUrl":"https:\/\/secure.gravatar.com\/avatar\/3a45da6e6e58ab41f63ddbfa8dca073fc0f7b2c5f73af711e399bc6de51bbc26?s=96&d=mm&r=g","caption":"Cole Watts"}}]}},"_links":{"self":[{"href":"https:\/\/gflenv.com\/fr\/wp-json\/wp\/v2\/posts\/19744","targetHints":{"allow":["GET"]}}],"collection":[{"href":"https:\/\/gflenv.com\/fr\/wp-json\/wp\/v2\/posts"}],"about":[{"href":"https:\/\/gflenv.com\/fr\/wp-json\/wp\/v2\/types\/post"}],"author":[{"embeddable":true,"href":"https:\/\/gflenv.com\/fr\/wp-json\/wp\/v2\/users\/9"}],"replies":[{"embeddable":true,"href":"https:\/\/gflenv.com\/fr\/wp-json\/wp\/v2\/comments?post=19744"}],"version-history":[{"count":0,"href":"https:\/\/gflenv.com\/fr\/wp-json\/wp\/v2\/posts\/19744\/revisions"}],"wp:featuredmedia":[{"embeddable":true,"href":"https:\/\/gflenv.com\/fr\/wp-json\/wp\/v2\/media\/10092"}],"wp:attachment":[{"href":"https:\/\/gflenv.com\/fr\/wp-json\/wp\/v2\/media?parent=19744"}],"wp:term":[{"taxonomy":"category","embeddable":true,"href":"https:\/\/gflenv.com\/fr\/wp-json\/wp\/v2\/categories?post=19744"},{"taxonomy":"post_tag","embeddable":true,"href":"https:\/\/gflenv.com\/fr\/wp-json\/wp\/v2\/tags?post=19744"}],"curies":[{"name":"wp","href":"https:\/\/api.w.org\/{rel}","templated":true}]}}