{"id":31218,"date":"2021-06-01T19:11:30","date_gmt":"2021-06-01T19:11:30","guid":{"rendered":"https:\/\/gflenv.com\/ted-manziaris-cadre-dirigeant-de-gfl-a-recu-un-prix-remarquable-de-service-communautaire\/"},"modified":"2022-02-22T20:12:36","modified_gmt":"2022-02-22T20:12:36","slug":"ted-manziaris-cadre-dirigeant-de-gfl-a-recu-un-prix-remarquable-de-service-communautaire","status":"publish","type":"post","link":"https:\/\/gflenv.com\/fr\/ted-manziaris-cadre-dirigeant-de-gfl-a-recu-un-prix-remarquable-de-service-communautaire\/","title":{"rendered":"Ted Manziaris, cadre de GFL, a re\u00e7u un prix de service communautaire exceptionnel"},"content":{"rendered":"\n<p><br\/>YORKTOWN, ON, 6 mai 2021 &#8211; Ted Manziaris, vice-pr\u00e9sident principal de GFL Environmental (\u00ab GFL estre du prix humanitaire Yorktown Family Services (\u00ab YFS \u00bb) pour le service et le ins\u00e9rera le , le , le , le , le , le , le , le , le , le doctorat du 21e gala de l\u2019organisation de l\u2019organisation, qui aura lieu, virtuelle le 6 mai.<\/p>\n\n<p><br\/>\u00ab Je suisire honor\u00e9 de recevoir cet honneur honneur honneur \u2019une organisation qui fait un travail aussi y partie dans notre communaut\u00e9 \u00bb, a d\u00e9clar\u00e9 Manziaris. \u00ab Je me sens inspir\u00e9 \u00e0 travailler tous les jours pour une entreprise en tant que GFL qui encourage et soutient notre famille d\u2019servons. \u00bb<\/p>\n\n<p><br\/>\u00ab Nos septourciaux \u00e0 Ted pour cette reconnaissance bienaiaie \u00bb, a dela f\u00e9daille de Patrick Dovigi, de l\u2019ORIGENT et du PDG de GFL. \u00ab Il est un membre tr\u00e8s respect\u00e9 et vision\u00e9 de la communaut\u00e9 de Toronto et de notre famille GFL. Ses efforts philanthropiques ont eu un impact positif sur la vie de nombreuses personnes personnes ici, tant au payant qu\u2019\u00e0 l\u2019un des v\u00e9hicules. \u00bb<\/p>\n\n<p><br\/>Manziaris est un partisan de longue date de YFS, un organisme communautaire qui dessert less quartier moinss plus vuln\u00e9rables de Toronto avec un acc\u00e8s rapide \u00e0 des programmes de sant\u00e9 mentale, de pr\u00e9vention des crises et de services sociaux.<br\/>En plus de la fondation YFS, les contributions philanthropiques approfondies de Manziaris comprennent la fondation MLSE, l\u2019\u00e9v\u00e9nement Women\u2019s Auxiliary du Mount Sinai Hospital et la Hellenic Hope Foundation, ainsi que Helping Hands Jamaica et Habitat for Humanity &#8211; Katrina Relief.<\/p>\n\n<p><br\/>Chef de file en affaires et en philanthropie, Manziaris est le r\u00e9cipiendaire de nombreux honneurs, la M\u00e9daille du Jubil\u00e9 d\u2019or de la Reine, un doctorat honorifique en l\u2019Assumption-University of Windsor et le Prix m\u00e9dias des ethniques de l\u2019Ontario.<\/p>\n\n<p><br\/>Le litt\u00e9 la biographie compl\u00e8te du gala de Ted Manziaris <a href=\"https:\/\/www.yorktownfamilyservices.com\/virtual-tribute-gala\/\"> <\/a>ici.<\/p>\n","protected":false},"excerpt":{"rendered":"<p>YORKTOWN, ON, 6 mai 2021 &#8211; Ted Manziaris, vice-pr\u00e9sident principal de GFL Environmental (\u00ab GFL estre du prix humanitaire Yorktown Family Services (\u00ab YFS \u00bb) pour le service et le ins\u00e9rera le , le , le , le , le , le , le , le , le , le doctorat du 21e gala de [&hellip;]<\/p>\n","protected":false},"author":7,"featured_media":10092,"comment_status":"open","ping_status":"open","sticky":false,"template":"","format":"standard","meta":{"_acf_changed":false,"inline_featured_image":false,"footnotes":""},"categories":[21],"tags":[72,129],"class_list":["post-31218","post","type-post","status-publish","format-standard","has-post-thumbnail","hentry","category-non-classifiee","tag-communaute","tag-prix"],"acf":[],"yoast_head":"<!-- This site is optimized with the Yoast SEO plugin v27.4 - https:\/\/yoast.com\/product\/yoast-seo-wordpress\/ -->\n<title>Ted Manziaris, cadre de GFL, a re\u00e7u un prix de service communautaire exceptionnel - GFL Environmental Inc.<\/title>\n<meta name=\"description\" content=\"Ted Manziaris, vice-pr\u00e9sident principal de l\u2019environnement de GFL, est r\u00e9cipiendaire du prix humanitaire 21st Humanitarian de Yorktown Family Services pour le service communautaire.\" \/>\n<meta name=\"robots\" content=\"index, follow, max-snippet:-1, max-image-preview:large, max-video-preview:-1\" \/>\n<link rel=\"canonical\" href=\"https:\/\/gflenv.com\/fr\/ted-manziaris-cadre-dirigeant-de-gfl-a-recu-un-prix-remarquable-de-service-communautaire\/\" \/>\n<meta property=\"og:locale\" content=\"en_US\" \/>\n<meta property=\"og:type\" content=\"article\" \/>\n<meta property=\"og:title\" content=\"Ted Manziaris, cadre de GFL, a re\u00e7u un prix de service communautaire exceptionnel - GFL Environmental Inc.\" \/>\n<meta property=\"og:description\" content=\"Ted Manziaris, vice-pr\u00e9sident principal de l\u2019environnement de GFL, est r\u00e9cipiendaire du prix humanitaire 21st Humanitarian de Yorktown Family Services pour le service communautaire.\" \/>\n<meta property=\"og:url\" content=\"https:\/\/gflenv.com\/fr\/ted-manziaris-cadre-dirigeant-de-gfl-a-recu-un-prix-remarquable-de-service-communautaire\/\" \/>\n<meta property=\"og:site_name\" content=\"GFL Environmental Inc.\" \/>\n<meta property=\"article:publisher\" content=\"https:\/\/www.facebook.com\/gflenvironmental\" \/>\n<meta property=\"article:published_time\" content=\"2021-06-01T19:11:30+00:00\" \/>\n<meta property=\"article:modified_time\" content=\"2022-02-22T20:12:36+00:00\" \/>\n<meta property=\"og:image\" content=\"https:\/\/gflenv.com\/wp-content\/uploads\/2018\/08\/GFL-Environmental-Blog.jpg\" \/>\n\t<meta property=\"og:image:width\" content=\"800\" \/>\n\t<meta property=\"og:image:height\" content=\"425\" \/>\n\t<meta property=\"og:image:type\" content=\"image\/jpeg\" \/>\n<meta name=\"author\" content=\"Cat Bonner\" \/>\n<meta name=\"twitter:card\" content=\"summary_large_image\" \/>\n<meta name=\"twitter:creator\" content=\"@gflenv\" \/>\n<meta name=\"twitter:site\" content=\"@gflenv\" \/>\n<meta name=\"twitter:label1\" content=\"Written by\" \/>\n\t<meta name=\"twitter:data1\" content=\"Cat Bonner\" \/>\n\t<meta name=\"twitter:label2\" content=\"Est. reading time\" \/>\n\t<meta name=\"twitter:data2\" content=\"2 minutes\" \/>\n<script type=\"application\/ld+json\" class=\"yoast-schema-graph\">{\"@context\":\"https:\\\/\\\/schema.org\",\"@graph\":[{\"@type\":\"Article\",\"@id\":\"https:\\\/\\\/gflenv.com\\\/fr\\\/ted-manziaris-cadre-dirigeant-de-gfl-a-recu-un-prix-remarquable-de-service-communautaire\\\/#article\",\"isPartOf\":{\"@id\":\"https:\\\/\\\/gflenv.com\\\/fr\\\/ted-manziaris-cadre-dirigeant-de-gfl-a-recu-un-prix-remarquable-de-service-communautaire\\\/\"},\"author\":{\"name\":\"Cat Bonner\",\"@id\":\"https:\\\/\\\/gflenv.com\\\/#\\\/schema\\\/person\\\/16a92b15d45799dffba7f6c523ccf88d\"},\"headline\":\"Ted Manziaris, cadre de GFL, a re\u00e7u un prix de service communautaire exceptionnel\",\"datePublished\":\"2021-06-01T19:11:30+00:00\",\"dateModified\":\"2022-02-22T20:12:36+00:00\",\"mainEntityOfPage\":{\"@id\":\"https:\\\/\\\/gflenv.com\\\/fr\\\/ted-manziaris-cadre-dirigeant-de-gfl-a-recu-un-prix-remarquable-de-service-communautaire\\\/\"},\"wordCount\":322,\"commentCount\":0,\"publisher\":{\"@id\":\"https:\\\/\\\/gflenv.com\\\/#organization\"},\"image\":{\"@id\":\"https:\\\/\\\/gflenv.com\\\/fr\\\/ted-manziaris-cadre-dirigeant-de-gfl-a-recu-un-prix-remarquable-de-service-communautaire\\\/#primaryimage\"},\"thumbnailUrl\":\"https:\\\/\\\/gflenv.com\\\/wp-content\\\/uploads\\\/2018\\\/08\\\/GFL-Environmental-Blog.jpg\",\"keywords\":[\"Communaut\u00e9\",\"Prix\"],\"articleSection\":[\"Non classifi\u00e9(e)\"],\"inLanguage\":\"en-CA\",\"potentialAction\":[{\"@type\":\"CommentAction\",\"name\":\"Comment\",\"target\":[\"https:\\\/\\\/gflenv.com\\\/fr\\\/ted-manziaris-cadre-dirigeant-de-gfl-a-recu-un-prix-remarquable-de-service-communautaire\\\/#respond\"]}]},{\"@type\":\"WebPage\",\"@id\":\"https:\\\/\\\/gflenv.com\\\/fr\\\/ted-manziaris-cadre-dirigeant-de-gfl-a-recu-un-prix-remarquable-de-service-communautaire\\\/\",\"url\":\"https:\\\/\\\/gflenv.com\\\/fr\\\/ted-manziaris-cadre-dirigeant-de-gfl-a-recu-un-prix-remarquable-de-service-communautaire\\\/\",\"name\":\"Ted Manziaris, cadre de GFL, a re\u00e7u un prix de service communautaire exceptionnel - GFL Environmental Inc.\",\"isPartOf\":{\"@id\":\"https:\\\/\\\/gflenv.com\\\/#website\"},\"primaryImageOfPage\":{\"@id\":\"https:\\\/\\\/gflenv.com\\\/fr\\\/ted-manziaris-cadre-dirigeant-de-gfl-a-recu-un-prix-remarquable-de-service-communautaire\\\/#primaryimage\"},\"image\":{\"@id\":\"https:\\\/\\\/gflenv.com\\\/fr\\\/ted-manziaris-cadre-dirigeant-de-gfl-a-recu-un-prix-remarquable-de-service-communautaire\\\/#primaryimage\"},\"thumbnailUrl\":\"https:\\\/\\\/gflenv.com\\\/wp-content\\\/uploads\\\/2018\\\/08\\\/GFL-Environmental-Blog.jpg\",\"datePublished\":\"2021-06-01T19:11:30+00:00\",\"dateModified\":\"2022-02-22T20:12:36+00:00\",\"description\":\"Ted Manziaris, vice-pr\u00e9sident principal de l\u2019environnement de GFL, est r\u00e9cipiendaire du prix humanitaire 21st Humanitarian de Yorktown Family Services pour le service communautaire.\",\"breadcrumb\":{\"@id\":\"https:\\\/\\\/gflenv.com\\\/fr\\\/ted-manziaris-cadre-dirigeant-de-gfl-a-recu-un-prix-remarquable-de-service-communautaire\\\/#breadcrumb\"},\"inLanguage\":\"en-CA\",\"potentialAction\":[{\"@type\":\"ReadAction\",\"target\":[\"https:\\\/\\\/gflenv.com\\\/fr\\\/ted-manziaris-cadre-dirigeant-de-gfl-a-recu-un-prix-remarquable-de-service-communautaire\\\/\"]}]},{\"@type\":\"ImageObject\",\"inLanguage\":\"en-CA\",\"@id\":\"https:\\\/\\\/gflenv.com\\\/fr\\\/ted-manziaris-cadre-dirigeant-de-gfl-a-recu-un-prix-remarquable-de-service-communautaire\\\/#primaryimage\",\"url\":\"https:\\\/\\\/gflenv.com\\\/wp-content\\\/uploads\\\/2018\\\/08\\\/GFL-Environmental-Blog.jpg\",\"contentUrl\":\"https:\\\/\\\/gflenv.com\\\/wp-content\\\/uploads\\\/2018\\\/08\\\/GFL-Environmental-Blog.jpg\",\"width\":800,\"height\":425,\"caption\":\"GFL Environmental Blog\"},{\"@type\":\"BreadcrumbList\",\"@id\":\"https:\\\/\\\/gflenv.com\\\/fr\\\/ted-manziaris-cadre-dirigeant-de-gfl-a-recu-un-prix-remarquable-de-service-communautaire\\\/#breadcrumb\",\"itemListElement\":[{\"@type\":\"ListItem\",\"position\":1,\"name\":\"Home\",\"item\":\"https:\\\/\\\/gflenv.com\\\/\"},{\"@type\":\"ListItem\",\"position\":2,\"name\":\"Ted Manziaris, cadre de GFL, a re\u00e7u un prix de service communautaire exceptionnel\"}]},{\"@type\":\"WebSite\",\"@id\":\"https:\\\/\\\/gflenv.com\\\/#website\",\"url\":\"https:\\\/\\\/gflenv.com\\\/\",\"name\":\"GFL Environmental Inc.\",\"description\":\"Waste Management &amp; Environmental Services\",\"publisher\":{\"@id\":\"https:\\\/\\\/gflenv.com\\\/#organization\"},\"potentialAction\":[{\"@type\":\"SearchAction\",\"target\":{\"@type\":\"EntryPoint\",\"urlTemplate\":\"https:\\\/\\\/gflenv.com\\\/?s={search_term_string}\"},\"query-input\":{\"@type\":\"PropertyValueSpecification\",\"valueRequired\":true,\"valueName\":\"search_term_string\"}}],\"inLanguage\":\"en-CA\"},{\"@type\":\"Organization\",\"@id\":\"https:\\\/\\\/gflenv.com\\\/#organization\",\"name\":\"GFL Environmental Inc.\",\"alternateName\":\"GFL\",\"url\":\"https:\\\/\\\/gflenv.com\\\/\",\"logo\":{\"@type\":\"ImageObject\",\"inLanguage\":\"en-CA\",\"@id\":\"https:\\\/\\\/gflenv.com\\\/#\\\/schema\\\/logo\\\/image\\\/\",\"url\":\"https:\\\/\\\/gflenv.com\\\/wp-content\\\/uploads\\\/2025\\\/10\\\/GFL_Env_LOGO_Stacked_RGB-1.png\",\"contentUrl\":\"https:\\\/\\\/gflenv.com\\\/wp-content\\\/uploads\\\/2025\\\/10\\\/GFL_Env_LOGO_Stacked_RGB-1.png\",\"width\":1569,\"height\":1627,\"caption\":\"GFL Environmental Inc.\"},\"image\":{\"@id\":\"https:\\\/\\\/gflenv.com\\\/#\\\/schema\\\/logo\\\/image\\\/\"},\"sameAs\":[\"https:\\\/\\\/www.facebook.com\\\/gflenvironmental\",\"https:\\\/\\\/x.com\\\/gflenv\",\"https:\\\/\\\/www.linkedin.com\\\/company\\\/gflenvironmental\\\/\",\"https:\\\/\\\/www.youtube.com\\\/channel\\\/UC4j8cdyyHcZEXgSFX-jbD5g\",\"https:\\\/\\\/www.instagram.com\\\/gflenvironmental\"]},{\"@type\":\"Person\",\"@id\":\"https:\\\/\\\/gflenv.com\\\/#\\\/schema\\\/person\\\/16a92b15d45799dffba7f6c523ccf88d\",\"name\":\"Cat Bonner\",\"image\":{\"@type\":\"ImageObject\",\"inLanguage\":\"en-CA\",\"@id\":\"https:\\\/\\\/secure.gravatar.com\\\/avatar\\\/56e7836490cc88082e0d60c415c21ea54e5ed144b6835ce9c1476634614862a3?s=96&d=mm&r=g\",\"url\":\"https:\\\/\\\/secure.gravatar.com\\\/avatar\\\/56e7836490cc88082e0d60c415c21ea54e5ed144b6835ce9c1476634614862a3?s=96&d=mm&r=g\",\"contentUrl\":\"https:\\\/\\\/secure.gravatar.com\\\/avatar\\\/56e7836490cc88082e0d60c415c21ea54e5ed144b6835ce9c1476634614862a3?s=96&d=mm&r=g\",\"caption\":\"Cat Bonner\"}}]}<\/script>\n<!-- \/ Yoast SEO plugin. -->","yoast_head_json":{"title":"Ted Manziaris, cadre de GFL, a re\u00e7u un prix de service communautaire exceptionnel - GFL Environmental Inc.","description":"Ted Manziaris, vice-pr\u00e9sident principal de l\u2019environnement de GFL, est r\u00e9cipiendaire du prix humanitaire 21st Humanitarian de Yorktown Family Services pour le service communautaire.","robots":{"index":"index","follow":"follow","max-snippet":"max-snippet:-1","max-image-preview":"max-image-preview:large","max-video-preview":"max-video-preview:-1"},"canonical":"https:\/\/gflenv.com\/fr\/ted-manziaris-cadre-dirigeant-de-gfl-a-recu-un-prix-remarquable-de-service-communautaire\/","og_locale":"en_US","og_type":"article","og_title":"Ted Manziaris, cadre de GFL, a re\u00e7u un prix de service communautaire exceptionnel - GFL Environmental Inc.","og_description":"Ted Manziaris, vice-pr\u00e9sident principal de l\u2019environnement de GFL, est r\u00e9cipiendaire du prix humanitaire 21st Humanitarian de Yorktown Family Services pour le service communautaire.","og_url":"https:\/\/gflenv.com\/fr\/ted-manziaris-cadre-dirigeant-de-gfl-a-recu-un-prix-remarquable-de-service-communautaire\/","og_site_name":"GFL Environmental Inc.","article_publisher":"https:\/\/www.facebook.com\/gflenvironmental","article_published_time":"2021-06-01T19:11:30+00:00","article_modified_time":"2022-02-22T20:12:36+00:00","og_image":[{"width":800,"height":425,"url":"https:\/\/gflenv.com\/wp-content\/uploads\/2018\/08\/GFL-Environmental-Blog.jpg","type":"image\/jpeg"}],"author":"Cat Bonner","twitter_card":"summary_large_image","twitter_creator":"@gflenv","twitter_site":"@gflenv","twitter_misc":{"Written by":"Cat Bonner","Est. reading time":"2 minutes"},"schema":{"@context":"https:\/\/schema.org","@graph":[{"@type":"Article","@id":"https:\/\/gflenv.com\/fr\/ted-manziaris-cadre-dirigeant-de-gfl-a-recu-un-prix-remarquable-de-service-communautaire\/#article","isPartOf":{"@id":"https:\/\/gflenv.com\/fr\/ted-manziaris-cadre-dirigeant-de-gfl-a-recu-un-prix-remarquable-de-service-communautaire\/"},"author":{"name":"Cat Bonner","@id":"https:\/\/gflenv.com\/#\/schema\/person\/16a92b15d45799dffba7f6c523ccf88d"},"headline":"Ted Manziaris, cadre de GFL, a re\u00e7u un prix de service communautaire exceptionnel","datePublished":"2021-06-01T19:11:30+00:00","dateModified":"2022-02-22T20:12:36+00:00","mainEntityOfPage":{"@id":"https:\/\/gflenv.com\/fr\/ted-manziaris-cadre-dirigeant-de-gfl-a-recu-un-prix-remarquable-de-service-communautaire\/"},"wordCount":322,"commentCount":0,"publisher":{"@id":"https:\/\/gflenv.com\/#organization"},"image":{"@id":"https:\/\/gflenv.com\/fr\/ted-manziaris-cadre-dirigeant-de-gfl-a-recu-un-prix-remarquable-de-service-communautaire\/#primaryimage"},"thumbnailUrl":"https:\/\/gflenv.com\/wp-content\/uploads\/2018\/08\/GFL-Environmental-Blog.jpg","keywords":["Communaut\u00e9","Prix"],"articleSection":["Non classifi\u00e9(e)"],"inLanguage":"en-CA","potentialAction":[{"@type":"CommentAction","name":"Comment","target":["https:\/\/gflenv.com\/fr\/ted-manziaris-cadre-dirigeant-de-gfl-a-recu-un-prix-remarquable-de-service-communautaire\/#respond"]}]},{"@type":"WebPage","@id":"https:\/\/gflenv.com\/fr\/ted-manziaris-cadre-dirigeant-de-gfl-a-recu-un-prix-remarquable-de-service-communautaire\/","url":"https:\/\/gflenv.com\/fr\/ted-manziaris-cadre-dirigeant-de-gfl-a-recu-un-prix-remarquable-de-service-communautaire\/","name":"Ted Manziaris, cadre de GFL, a re\u00e7u un prix de service communautaire exceptionnel - GFL Environmental Inc.","isPartOf":{"@id":"https:\/\/gflenv.com\/#website"},"primaryImageOfPage":{"@id":"https:\/\/gflenv.com\/fr\/ted-manziaris-cadre-dirigeant-de-gfl-a-recu-un-prix-remarquable-de-service-communautaire\/#primaryimage"},"image":{"@id":"https:\/\/gflenv.com\/fr\/ted-manziaris-cadre-dirigeant-de-gfl-a-recu-un-prix-remarquable-de-service-communautaire\/#primaryimage"},"thumbnailUrl":"https:\/\/gflenv.com\/wp-content\/uploads\/2018\/08\/GFL-Environmental-Blog.jpg","datePublished":"2021-06-01T19:11:30+00:00","dateModified":"2022-02-22T20:12:36+00:00","description":"Ted Manziaris, vice-pr\u00e9sident principal de l\u2019environnement de GFL, est r\u00e9cipiendaire du prix humanitaire 21st Humanitarian de Yorktown Family Services pour le service communautaire.","breadcrumb":{"@id":"https:\/\/gflenv.com\/fr\/ted-manziaris-cadre-dirigeant-de-gfl-a-recu-un-prix-remarquable-de-service-communautaire\/#breadcrumb"},"inLanguage":"en-CA","potentialAction":[{"@type":"ReadAction","target":["https:\/\/gflenv.com\/fr\/ted-manziaris-cadre-dirigeant-de-gfl-a-recu-un-prix-remarquable-de-service-communautaire\/"]}]},{"@type":"ImageObject","inLanguage":"en-CA","@id":"https:\/\/gflenv.com\/fr\/ted-manziaris-cadre-dirigeant-de-gfl-a-recu-un-prix-remarquable-de-service-communautaire\/#primaryimage","url":"https:\/\/gflenv.com\/wp-content\/uploads\/2018\/08\/GFL-Environmental-Blog.jpg","contentUrl":"https:\/\/gflenv.com\/wp-content\/uploads\/2018\/08\/GFL-Environmental-Blog.jpg","width":800,"height":425,"caption":"GFL Environmental Blog"},{"@type":"BreadcrumbList","@id":"https:\/\/gflenv.com\/fr\/ted-manziaris-cadre-dirigeant-de-gfl-a-recu-un-prix-remarquable-de-service-communautaire\/#breadcrumb","itemListElement":[{"@type":"ListItem","position":1,"name":"Home","item":"https:\/\/gflenv.com\/"},{"@type":"ListItem","position":2,"name":"Ted Manziaris, cadre de GFL, a re\u00e7u un prix de service communautaire exceptionnel"}]},{"@type":"WebSite","@id":"https:\/\/gflenv.com\/#website","url":"https:\/\/gflenv.com\/","name":"GFL Environmental Inc.","description":"Waste Management &amp; Environmental Services","publisher":{"@id":"https:\/\/gflenv.com\/#organization"},"potentialAction":[{"@type":"SearchAction","target":{"@type":"EntryPoint","urlTemplate":"https:\/\/gflenv.com\/?s={search_term_string}"},"query-input":{"@type":"PropertyValueSpecification","valueRequired":true,"valueName":"search_term_string"}}],"inLanguage":"en-CA"},{"@type":"Organization","@id":"https:\/\/gflenv.com\/#organization","name":"GFL Environmental Inc.","alternateName":"GFL","url":"https:\/\/gflenv.com\/","logo":{"@type":"ImageObject","inLanguage":"en-CA","@id":"https:\/\/gflenv.com\/#\/schema\/logo\/image\/","url":"https:\/\/gflenv.com\/wp-content\/uploads\/2025\/10\/GFL_Env_LOGO_Stacked_RGB-1.png","contentUrl":"https:\/\/gflenv.com\/wp-content\/uploads\/2025\/10\/GFL_Env_LOGO_Stacked_RGB-1.png","width":1569,"height":1627,"caption":"GFL Environmental Inc."},"image":{"@id":"https:\/\/gflenv.com\/#\/schema\/logo\/image\/"},"sameAs":["https:\/\/www.facebook.com\/gflenvironmental","https:\/\/x.com\/gflenv","https:\/\/www.linkedin.com\/company\/gflenvironmental\/","https:\/\/www.youtube.com\/channel\/UC4j8cdyyHcZEXgSFX-jbD5g","https:\/\/www.instagram.com\/gflenvironmental"]},{"@type":"Person","@id":"https:\/\/gflenv.com\/#\/schema\/person\/16a92b15d45799dffba7f6c523ccf88d","name":"Cat Bonner","image":{"@type":"ImageObject","inLanguage":"en-CA","@id":"https:\/\/secure.gravatar.com\/avatar\/56e7836490cc88082e0d60c415c21ea54e5ed144b6835ce9c1476634614862a3?s=96&d=mm&r=g","url":"https:\/\/secure.gravatar.com\/avatar\/56e7836490cc88082e0d60c415c21ea54e5ed144b6835ce9c1476634614862a3?s=96&d=mm&r=g","contentUrl":"https:\/\/secure.gravatar.com\/avatar\/56e7836490cc88082e0d60c415c21ea54e5ed144b6835ce9c1476634614862a3?s=96&d=mm&r=g","caption":"Cat Bonner"}}]}},"_links":{"self":[{"href":"https:\/\/gflenv.com\/fr\/wp-json\/wp\/v2\/posts\/31218","targetHints":{"allow":["GET"]}}],"collection":[{"href":"https:\/\/gflenv.com\/fr\/wp-json\/wp\/v2\/posts"}],"about":[{"href":"https:\/\/gflenv.com\/fr\/wp-json\/wp\/v2\/types\/post"}],"author":[{"embeddable":true,"href":"https:\/\/gflenv.com\/fr\/wp-json\/wp\/v2\/users\/7"}],"replies":[{"embeddable":true,"href":"https:\/\/gflenv.com\/fr\/wp-json\/wp\/v2\/comments?post=31218"}],"version-history":[{"count":0,"href":"https:\/\/gflenv.com\/fr\/wp-json\/wp\/v2\/posts\/31218\/revisions"}],"wp:featuredmedia":[{"embeddable":true,"href":"https:\/\/gflenv.com\/fr\/wp-json\/wp\/v2\/media\/10092"}],"wp:attachment":[{"href":"https:\/\/gflenv.com\/fr\/wp-json\/wp\/v2\/media?parent=31218"}],"wp:term":[{"taxonomy":"category","embeddable":true,"href":"https:\/\/gflenv.com\/fr\/wp-json\/wp\/v2\/categories?post=31218"},{"taxonomy":"post_tag","embeddable":true,"href":"https:\/\/gflenv.com\/fr\/wp-json\/wp\/v2\/tags?post=31218"}],"curies":[{"name":"wp","href":"https:\/\/api.w.org\/{rel}","templated":true}]}}