{"id":38506,"date":"2023-04-06T16:05:41","date_gmt":"2023-04-06T16:05:41","guid":{"rendered":"https:\/\/gflenv.com\/?p=38506"},"modified":"2023-04-06T16:05:42","modified_gmt":"2023-04-06T16:05:42","slug":"le-projet-du-cercle-complet-de-gfl-celebre-la-journee-mondiale-de-la-sante","status":"publish","type":"post","link":"https:\/\/gflenv.com\/fr\/le-projet-du-cercle-complet-de-gfl-celebre-la-journee-mondiale-de-la-sante\/","title":{"rendered":"Le Projet du cercle complet de GFL c\u00e9l\u00e8bre la Journ\u00e9e mondiale de la sant\u00e9"},"content":{"rendered":"\n<figure class=\"wp-block-image size-large\"><img loading=\"lazy\" decoding=\"async\" width=\"1024\" height=\"576\" src=\"https:\/\/gflenv.com\/wp-content\/uploads\/2023\/04\/MicrosoftTeams-image-75-1024x576.jpg\" alt=\"\" class=\"wp-image-38507\" srcset=\"https:\/\/gflenv.com\/wp-content\/uploads\/2023\/04\/MicrosoftTeams-image-75-1024x576.jpg 1024w, https:\/\/gflenv.com\/wp-content\/uploads\/2023\/04\/MicrosoftTeams-image-75-300x169.jpg 300w, https:\/\/gflenv.com\/wp-content\/uploads\/2023\/04\/MicrosoftTeams-image-75-768x432.jpg 768w, https:\/\/gflenv.com\/wp-content\/uploads\/2023\/04\/MicrosoftTeams-image-75-1536x864.jpg 1536w, https:\/\/gflenv.com\/wp-content\/uploads\/2023\/04\/MicrosoftTeams-image-75-1200x675.jpg 1200w, https:\/\/gflenv.com\/wp-content\/uploads\/2023\/04\/MicrosoftTeams-image-75.jpg 1920w\" sizes=\"auto, (max-width: 1024px) 100vw, 1024px\" \/><\/figure>\n\n\n\n<p> <p>La <a href=\"https:\/\/www.who.int\/campaigns\/75-years-of-improving-public-health\">Journ\u00e9e mondiale de la sant\u00e9<\/a> est c\u00e9l\u00e9br\u00e9e annuellement le 7\u00a0avril et chaque ann\u00e9e attire l\u2019attention sur un sujet de sant\u00e9 sp\u00e9cifique pr\u00e9occupant pour les gens du monde entier.<\/p>   <p>Le th\u00e8me de cette ann\u00e9e est ax\u00e9 sur l\u2019atteinte et l\u2019am\u00e9lioration de la sant\u00e9 pour tous.<\/p>   <p>Le Projet du cercle complet de GFL s\u2019est associ\u00e9 \u00e0 plusieurs organismes de bienfaisance incroyables qui font partie de notre classe caritative \u00ab\u00a0Cancer and Medical Wellness\u00a0\u00bb.<\/p>   <p>De nombreuses familles et personnes sont aux prises avec les impacts du cancer et d\u2019autres affections m\u00e9dicales graves. Soutenir les organismes de bienfaisance qui pr\u00e9conisent des soins de sant\u00e9 accessibles et inclusifs aide \u00e0 am\u00e9liorer les soins aux patients et fournit des fonds pour d\u00e9velopper des technologies et la recherche sur les rem\u00e8des.<\/p>   <p><a href=\"http:\/\/childrenscolorado.org\/\"><strong>H\u00f4pital pour enfants du Colorado<\/strong><\/a><\/p>   <p>Le Children\u2019s Hospital Colorado offre aux enfants de la communaut\u00e9 de Denver des soins, du soutien et des perc\u00e9es de recherche qui aident les enfants de la communaut\u00e9 locale \u00e0 s\u2019\u00e9panouir.<\/p>   <p>L\u2019\u00e9tablissement offre une vaste gamme de services aux enfants et \u00e0 leurs familles, de la r\u00e9paration des os cass\u00e9s au traitement des blessures et des maladies graves.<\/p>   <p>Le Projet du cercle complet de GFL a fait don de 5\u00a0000\u00a0$\u00a0US \u00e0 l\u2019h\u00f4pital pour enfants du Colorado.<\/p>   <p>L\u2019\u00e9quipe de Denver de GFL s\u2019est associ\u00e9e \u00e0 cet organisme de bienfaisance pour recueillir des cadeaux des F\u00eates \u00e0 offrir aux enfants de l\u2019h\u00f4pital.<\/p>   <p>\u00ab\u00a0Il s\u2019agit du plus grand \u00e9tablissement pour enfants de Denver, et nous avons estim\u00e9 que nous pourrions avoir un impact positif sur plus d\u2019enfants pendant la p\u00e9riode des F\u00eates\u00a0\u00bb, a d\u00e9clar\u00e9 Carey Calabrese, vice-pr\u00e9sident r\u00e9gional de GFL. \u00ab\u00a0Nous voulions offrir des cadeaux aux enfants qui ne pouvaient pas \u00eatre \u00e0 la maison pendant cette p\u00e9riode ou aux familles qui n\u2019avaient pas les moyens de donner des cadeaux pour les F\u00eates. En plus du don, nous avons fait une collecte de jouets \u00e0 notre emplacement de transport de Denver et rempli quatre chariots de 95 g de cadeaux.\u00a0\u00bb<\/p>   <p><a href=\"https:\/\/www.hrf.sk.ca\/\"><strong>Fondation Hospitals of Regina\/Unit\u00e9 n\u00e9onatale de soins intensifs<\/strong><\/a><\/p>   <p>La Fondation Hospitals of Regina offre des soins sp\u00e9cialis\u00e9s \u00e0 environ 500\u00a0b\u00e9b\u00e9s de l\u2019<strong>unit\u00e9 n\u00e9onatale de soins intensifs <\/strong>(UNSI) de l\u2019H\u00f4pital g\u00e9n\u00e9ral de Regina \u00e0 Regina, en Saskatchewan, chaque ann\u00e9e.<\/p>   <p>Gr\u00e2ce au Projet du cercle complet, GFL a fait don de 5\u00a0000\u00a0$\u00a0CA en 2022 et d\u2019un autre 10\u00a0000\u00a0$ en 2023 pour aider l\u2019h\u00f4pital \u00e0 poursuivre sa mission d\u2019offrir un soutien n\u00e9onatal.<\/p>   <p>Onze b\u00e9b\u00e9s sont n\u00e9s d\u2019employ\u00e9s de la succursale Emerald Park, en Saskatchewan, au cours des deux derni\u00e8res ann\u00e9es, dont un qui avait besoin d\u2019un soutien n\u00e9onatal suppl\u00e9mentaire.<\/p>   <p>Comme l\u2019an dernier, les employ\u00e9s aideront \u00e0 mettre en place le Four Seasons Ball, l\u2019\u00e9v\u00e9nement embl\u00e9matique qui recueille des fonds pour les services p\u00e9diatriques \u00e0 Regina.<\/p>   <p>Ils aideront \u00e0 d\u00e9corer la salle \u00e0 manger principale et soutiendront l\u2019organisateur de l\u2019\u00e9v\u00e9nement au besoin.<\/p>   <p><a href=\"https:\/\/www.victoriahf.ca\/\"><strong>Victoria Hospitals Foundation<\/strong><\/a><\/p>   <p>La Victoria Hospitals Foundation aide \u00e0 s\u2019assurer que les meilleurs soins hospitaliers possible sont offerts aux r\u00e9sidents de l\u2019\u00eele de Vancouver en Colombie-Britannique.<\/p>   <p>L\u2019organisme de bienfaisance ex\u00e9cute des campagnes de collecte de fonds pour remplacer et financer de nouveaux \u00e9quipements et de nouvelles technologies, construire de nouvelles unit\u00e9s hospitali\u00e8res, d\u00e9velopper des programmes, former le personnel et am\u00e9liorer directement la sant\u00e9 de la communaut\u00e9 de l\u2019\u00eele.<\/p>   <p>\u00ab\u00a0Avec le don de notre Projet du cercle complet, nos repr\u00e9sentants de GFL ont pu distribuer le d\u00eener au personnel de l\u2019H\u00f4pital g\u00e9n\u00e9ral de Victoria, ils ont tous \u00e9t\u00e9 tr\u00e8s reconnaissants\u00a0\u00bb, a d\u00e9clar\u00e9 Kelsey Young, ventes commerciales de GFL.<\/p>   <p>Le Projet du cercle complet de GFL s\u2019est associ\u00e9 \u00e0 cet organisme de bienfaisance en faisant un don de 5\u00a0000\u00a0$ CA qui a \u00e9t\u00e9 vers\u00e9 dans le cadre d\u2019un barbecue de reconnaissance du personnel de l\u2019h\u00f4pital Victoria General Hospital.<\/p>   <p>L\u2019\u00e9quipe Victoria de GFL a aid\u00e9 Island Health Management \u00e0 servir de la nourriture et \u00e0 participer aux activit\u00e9s avant et apr\u00e8s l\u2019\u00e9v\u00e9nement.<\/p>   <p><strong>Participez au Projet du cercle complet<\/strong><\/p>   <p>Les clients de GFL peuvent participer gratuitement au Projet du cercle complet en votant pour leur classe caritative pr\u00e9f\u00e9r\u00e9e par l\u2019interm\u00e9diaire de leur compte en ligne. <a href=\"https:\/\/gflenv.com\/full-circle-project\/\">Pour en savoir plus, cliquez ici.<\/a><\/p> <\/p>\n","protected":false},"excerpt":{"rendered":"<p>La Journ\u00e9e mondiale de la sant\u00e9 est c\u00e9l\u00e9br\u00e9e annuellement le 7\u00a0avril et chaque ann\u00e9e attire l\u2019attention sur un sujet de sant\u00e9 sp\u00e9cifique pr\u00e9occupant pour les gens du monde entier. Le th\u00e8me de cette ann\u00e9e est ax\u00e9 sur l\u2019atteinte et l\u2019am\u00e9lioration de la sant\u00e9 pour tous. Le Projet du cercle complet de GFL s\u2019est associ\u00e9 \u00e0 [&hellip;]<\/p>\n","protected":false},"author":7,"featured_media":19122,"comment_status":"open","ping_status":"open","sticky":false,"template":"","format":"standard","meta":{"_acf_changed":false,"inline_featured_image":false,"footnotes":""},"categories":[1],"tags":[12,118,124],"class_list":["post-38506","post","type-post","status-publish","format-standard","has-post-thumbnail","hentry","category-uncategorized","tag-community","tag-full-circle-project","tag-team-green"],"acf":[],"yoast_head":"<!-- This site is optimized with the Yoast SEO plugin v27.4 - https:\/\/yoast.com\/product\/yoast-seo-wordpress\/ -->\n<title>Le Projet du cercle complet de GFL c\u00e9l\u00e8bre la Journ\u00e9e mondiale de la sant\u00e9 - GFL Environmental Inc.<\/title>\n<meta name=\"robots\" content=\"index, follow, max-snippet:-1, max-image-preview:large, max-video-preview:-1\" \/>\n<link rel=\"canonical\" href=\"https:\/\/gflenv.com\/fr\/le-projet-du-cercle-complet-de-gfl-celebre-la-journee-mondiale-de-la-sante\/\" \/>\n<meta property=\"og:locale\" content=\"en_US\" \/>\n<meta property=\"og:type\" content=\"article\" \/>\n<meta property=\"og:title\" content=\"Le Projet du cercle complet de GFL c\u00e9l\u00e8bre la Journ\u00e9e mondiale de la sant\u00e9\" \/>\n<meta property=\"og:description\" content=\"La Journ\u00e9e mondiale de la sant\u00e9 est c\u00e9l\u00e9br\u00e9e annuellement le 7\u00a0avril et chaque ann\u00e9e attire l\u2019attention sur un sujet de sant\u00e9 sp\u00e9cifique pr\u00e9occupant pour les gens du monde entier. Le th\u00e8me de cette ann\u00e9e est ax\u00e9 sur l\u2019atteinte et l\u2019am\u00e9lioration de la sant\u00e9 pour tous. Le Projet du cercle complet de GFL s\u2019est associ\u00e9 \u00e0 [&hellip;]\" \/>\n<meta property=\"og:url\" content=\"https:\/\/gflenv.com\/fr\/le-projet-du-cercle-complet-de-gfl-celebre-la-journee-mondiale-de-la-sante\/\" \/>\n<meta property=\"og:site_name\" content=\"GFL Environmental Inc.\" \/>\n<meta property=\"article:publisher\" content=\"https:\/\/www.facebook.com\/gflenvironmental\" \/>\n<meta property=\"article:published_time\" content=\"2023-04-06T16:05:41+00:00\" \/>\n<meta property=\"article:modified_time\" content=\"2023-04-06T16:05:42+00:00\" \/>\n<meta property=\"og:image\" content=\"https:\/\/gflenv.com\/wp-content\/uploads\/2023\/04\/MicrosoftTeams-image-75.jpg\" \/>\n\t<meta property=\"og:image:width\" content=\"1920\" \/>\n\t<meta property=\"og:image:height\" content=\"1080\" \/>\n\t<meta property=\"og:image:type\" content=\"image\/jpeg\" \/>\n<meta name=\"author\" content=\"Cat Bonner\" \/>\n<meta name=\"twitter:card\" content=\"summary_large_image\" \/>\n<meta name=\"twitter:title\" content=\"Le Projet du cercle complet de GFL c\u00e9l\u00e8bre la Journ\u00e9e mondiale de la sant\u00e9\" \/>\n<meta name=\"twitter:image\" content=\"https:\/\/gflenv.com\/wp-content\/uploads\/2023\/04\/MicrosoftTeams-image-75.jpg\" \/>\n<meta name=\"twitter:creator\" content=\"@gflenv\" \/>\n<meta name=\"twitter:site\" content=\"@gflenv\" \/>\n<meta name=\"twitter:label1\" content=\"Written by\" \/>\n\t<meta name=\"twitter:data1\" content=\"Cat Bonner\" \/>\n<script type=\"application\/ld+json\" class=\"yoast-schema-graph\">{\"@context\":\"https:\\\/\\\/schema.org\",\"@graph\":[{\"@type\":\"Article\",\"@id\":\"https:\\\/\\\/gflenv.com\\\/fr\\\/le-projet-du-cercle-complet-de-gfl-celebre-la-journee-mondiale-de-la-sante\\\/#article\",\"isPartOf\":{\"@id\":\"https:\\\/\\\/gflenv.com\\\/fr\\\/le-projet-du-cercle-complet-de-gfl-celebre-la-journee-mondiale-de-la-sante\\\/\"},\"author\":{\"name\":\"Cat Bonner\",\"@id\":\"https:\\\/\\\/gflenv.com\\\/#\\\/schema\\\/person\\\/16a92b15d45799dffba7f6c523ccf88d\"},\"headline\":\"Le Projet du cercle complet de GFL c\u00e9l\u00e8bre la Journ\u00e9e mondiale de la sant\u00e9\",\"datePublished\":\"2023-04-06T16:05:41+00:00\",\"dateModified\":\"2023-04-06T16:05:42+00:00\",\"mainEntityOfPage\":{\"@id\":\"https:\\\/\\\/gflenv.com\\\/fr\\\/le-projet-du-cercle-complet-de-gfl-celebre-la-journee-mondiale-de-la-sante\\\/\"},\"wordCount\":779,\"commentCount\":0,\"publisher\":{\"@id\":\"https:\\\/\\\/gflenv.com\\\/#organization\"},\"image\":{\"@id\":\"https:\\\/\\\/gflenv.com\\\/fr\\\/le-projet-du-cercle-complet-de-gfl-celebre-la-journee-mondiale-de-la-sante\\\/#primaryimage\"},\"thumbnailUrl\":\"https:\\\/\\\/gflenv.com\\\/wp-content\\\/uploads\\\/2020\\\/12\\\/GFL-Environmental-Blog-v2.jpg\",\"keywords\":[\"COMMUNITY\",\"Full Circle Project\",\"TEAM GREEN\"],\"inLanguage\":\"en-CA\",\"potentialAction\":[{\"@type\":\"CommentAction\",\"name\":\"Comment\",\"target\":[\"https:\\\/\\\/gflenv.com\\\/fr\\\/le-projet-du-cercle-complet-de-gfl-celebre-la-journee-mondiale-de-la-sante\\\/#respond\"]}]},{\"@type\":\"WebPage\",\"@id\":\"https:\\\/\\\/gflenv.com\\\/fr\\\/le-projet-du-cercle-complet-de-gfl-celebre-la-journee-mondiale-de-la-sante\\\/\",\"url\":\"https:\\\/\\\/gflenv.com\\\/fr\\\/le-projet-du-cercle-complet-de-gfl-celebre-la-journee-mondiale-de-la-sante\\\/\",\"name\":\"Le Projet du cercle complet de GFL c\u00e9l\u00e8bre la Journ\u00e9e mondiale de la sant\u00e9 - GFL Environmental Inc.\",\"isPartOf\":{\"@id\":\"https:\\\/\\\/gflenv.com\\\/#website\"},\"primaryImageOfPage\":{\"@id\":\"https:\\\/\\\/gflenv.com\\\/fr\\\/le-projet-du-cercle-complet-de-gfl-celebre-la-journee-mondiale-de-la-sante\\\/#primaryimage\"},\"image\":{\"@id\":\"https:\\\/\\\/gflenv.com\\\/fr\\\/le-projet-du-cercle-complet-de-gfl-celebre-la-journee-mondiale-de-la-sante\\\/#primaryimage\"},\"thumbnailUrl\":\"https:\\\/\\\/gflenv.com\\\/wp-content\\\/uploads\\\/2020\\\/12\\\/GFL-Environmental-Blog-v2.jpg\",\"datePublished\":\"2023-04-06T16:05:41+00:00\",\"dateModified\":\"2023-04-06T16:05:42+00:00\",\"breadcrumb\":{\"@id\":\"https:\\\/\\\/gflenv.com\\\/fr\\\/le-projet-du-cercle-complet-de-gfl-celebre-la-journee-mondiale-de-la-sante\\\/#breadcrumb\"},\"inLanguage\":\"en-CA\",\"potentialAction\":[{\"@type\":\"ReadAction\",\"target\":[\"https:\\\/\\\/gflenv.com\\\/fr\\\/le-projet-du-cercle-complet-de-gfl-celebre-la-journee-mondiale-de-la-sante\\\/\"]}]},{\"@type\":\"ImageObject\",\"inLanguage\":\"en-CA\",\"@id\":\"https:\\\/\\\/gflenv.com\\\/fr\\\/le-projet-du-cercle-complet-de-gfl-celebre-la-journee-mondiale-de-la-sante\\\/#primaryimage\",\"url\":\"https:\\\/\\\/gflenv.com\\\/wp-content\\\/uploads\\\/2020\\\/12\\\/GFL-Environmental-Blog-v2.jpg\",\"contentUrl\":\"https:\\\/\\\/gflenv.com\\\/wp-content\\\/uploads\\\/2020\\\/12\\\/GFL-Environmental-Blog-v2.jpg\",\"width\":800,\"height\":425,\"caption\":\"Outside GFL building with GFL logo on a wall and a lens flare\"},{\"@type\":\"BreadcrumbList\",\"@id\":\"https:\\\/\\\/gflenv.com\\\/fr\\\/le-projet-du-cercle-complet-de-gfl-celebre-la-journee-mondiale-de-la-sante\\\/#breadcrumb\",\"itemListElement\":[{\"@type\":\"ListItem\",\"position\":1,\"name\":\"Home\",\"item\":\"https:\\\/\\\/gflenv.com\\\/\"},{\"@type\":\"ListItem\",\"position\":2,\"name\":\"Le Projet du cercle complet de GFL c\u00e9l\u00e8bre la Journ\u00e9e mondiale de la sant\u00e9\"}]},{\"@type\":\"WebSite\",\"@id\":\"https:\\\/\\\/gflenv.com\\\/#website\",\"url\":\"https:\\\/\\\/gflenv.com\\\/\",\"name\":\"GFL Environmental Inc.\",\"description\":\"Waste Management &amp; Environmental Services\",\"publisher\":{\"@id\":\"https:\\\/\\\/gflenv.com\\\/#organization\"},\"potentialAction\":[{\"@type\":\"SearchAction\",\"target\":{\"@type\":\"EntryPoint\",\"urlTemplate\":\"https:\\\/\\\/gflenv.com\\\/?s={search_term_string}\"},\"query-input\":{\"@type\":\"PropertyValueSpecification\",\"valueRequired\":true,\"valueName\":\"search_term_string\"}}],\"inLanguage\":\"en-CA\"},{\"@type\":\"Organization\",\"@id\":\"https:\\\/\\\/gflenv.com\\\/#organization\",\"name\":\"GFL Environmental Inc.\",\"alternateName\":\"GFL\",\"url\":\"https:\\\/\\\/gflenv.com\\\/\",\"logo\":{\"@type\":\"ImageObject\",\"inLanguage\":\"en-CA\",\"@id\":\"https:\\\/\\\/gflenv.com\\\/#\\\/schema\\\/logo\\\/image\\\/\",\"url\":\"https:\\\/\\\/gflenv.com\\\/wp-content\\\/uploads\\\/2025\\\/10\\\/GFL_Env_LOGO_Stacked_RGB-1.png\",\"contentUrl\":\"https:\\\/\\\/gflenv.com\\\/wp-content\\\/uploads\\\/2025\\\/10\\\/GFL_Env_LOGO_Stacked_RGB-1.png\",\"width\":1569,\"height\":1627,\"caption\":\"GFL Environmental Inc.\"},\"image\":{\"@id\":\"https:\\\/\\\/gflenv.com\\\/#\\\/schema\\\/logo\\\/image\\\/\"},\"sameAs\":[\"https:\\\/\\\/www.facebook.com\\\/gflenvironmental\",\"https:\\\/\\\/x.com\\\/gflenv\",\"https:\\\/\\\/www.linkedin.com\\\/company\\\/gflenvironmental\\\/\",\"https:\\\/\\\/www.youtube.com\\\/channel\\\/UC4j8cdyyHcZEXgSFX-jbD5g\",\"https:\\\/\\\/www.instagram.com\\\/gflenvironmental\"]},{\"@type\":\"Person\",\"@id\":\"https:\\\/\\\/gflenv.com\\\/#\\\/schema\\\/person\\\/16a92b15d45799dffba7f6c523ccf88d\",\"name\":\"Cat Bonner\",\"image\":{\"@type\":\"ImageObject\",\"inLanguage\":\"en-CA\",\"@id\":\"https:\\\/\\\/secure.gravatar.com\\\/avatar\\\/56e7836490cc88082e0d60c415c21ea54e5ed144b6835ce9c1476634614862a3?s=96&d=mm&r=g\",\"url\":\"https:\\\/\\\/secure.gravatar.com\\\/avatar\\\/56e7836490cc88082e0d60c415c21ea54e5ed144b6835ce9c1476634614862a3?s=96&d=mm&r=g\",\"contentUrl\":\"https:\\\/\\\/secure.gravatar.com\\\/avatar\\\/56e7836490cc88082e0d60c415c21ea54e5ed144b6835ce9c1476634614862a3?s=96&d=mm&r=g\",\"caption\":\"Cat Bonner\"}}]}<\/script>\n<!-- \/ Yoast SEO plugin. -->","yoast_head_json":{"title":"Le Projet du cercle complet de GFL c\u00e9l\u00e8bre la Journ\u00e9e mondiale de la sant\u00e9 - GFL Environmental Inc.","robots":{"index":"index","follow":"follow","max-snippet":"max-snippet:-1","max-image-preview":"max-image-preview:large","max-video-preview":"max-video-preview:-1"},"canonical":"https:\/\/gflenv.com\/fr\/le-projet-du-cercle-complet-de-gfl-celebre-la-journee-mondiale-de-la-sante\/","og_locale":"en_US","og_type":"article","og_title":"Le Projet du cercle complet de GFL c\u00e9l\u00e8bre la Journ\u00e9e mondiale de la sant\u00e9","og_description":"La Journ\u00e9e mondiale de la sant\u00e9 est c\u00e9l\u00e9br\u00e9e annuellement le 7\u00a0avril et chaque ann\u00e9e attire l\u2019attention sur un sujet de sant\u00e9 sp\u00e9cifique pr\u00e9occupant pour les gens du monde entier. Le th\u00e8me de cette ann\u00e9e est ax\u00e9 sur l\u2019atteinte et l\u2019am\u00e9lioration de la sant\u00e9 pour tous. Le Projet du cercle complet de GFL s\u2019est associ\u00e9 \u00e0 [&hellip;]","og_url":"https:\/\/gflenv.com\/fr\/le-projet-du-cercle-complet-de-gfl-celebre-la-journee-mondiale-de-la-sante\/","og_site_name":"GFL Environmental Inc.","article_publisher":"https:\/\/www.facebook.com\/gflenvironmental","article_published_time":"2023-04-06T16:05:41+00:00","article_modified_time":"2023-04-06T16:05:42+00:00","og_image":[{"width":1920,"height":1080,"url":"https:\/\/gflenv.com\/wp-content\/uploads\/2023\/04\/MicrosoftTeams-image-75.jpg","type":"image\/jpeg"}],"author":"Cat Bonner","twitter_card":"summary_large_image","twitter_title":"Le Projet du cercle complet de GFL c\u00e9l\u00e8bre la Journ\u00e9e mondiale de la sant\u00e9","twitter_image":"https:\/\/gflenv.com\/wp-content\/uploads\/2023\/04\/MicrosoftTeams-image-75.jpg","twitter_creator":"@gflenv","twitter_site":"@gflenv","twitter_misc":{"Written by":"Cat Bonner"},"schema":{"@context":"https:\/\/schema.org","@graph":[{"@type":"Article","@id":"https:\/\/gflenv.com\/fr\/le-projet-du-cercle-complet-de-gfl-celebre-la-journee-mondiale-de-la-sante\/#article","isPartOf":{"@id":"https:\/\/gflenv.com\/fr\/le-projet-du-cercle-complet-de-gfl-celebre-la-journee-mondiale-de-la-sante\/"},"author":{"name":"Cat Bonner","@id":"https:\/\/gflenv.com\/#\/schema\/person\/16a92b15d45799dffba7f6c523ccf88d"},"headline":"Le Projet du cercle complet de GFL c\u00e9l\u00e8bre la Journ\u00e9e mondiale de la sant\u00e9","datePublished":"2023-04-06T16:05:41+00:00","dateModified":"2023-04-06T16:05:42+00:00","mainEntityOfPage":{"@id":"https:\/\/gflenv.com\/fr\/le-projet-du-cercle-complet-de-gfl-celebre-la-journee-mondiale-de-la-sante\/"},"wordCount":779,"commentCount":0,"publisher":{"@id":"https:\/\/gflenv.com\/#organization"},"image":{"@id":"https:\/\/gflenv.com\/fr\/le-projet-du-cercle-complet-de-gfl-celebre-la-journee-mondiale-de-la-sante\/#primaryimage"},"thumbnailUrl":"https:\/\/gflenv.com\/wp-content\/uploads\/2020\/12\/GFL-Environmental-Blog-v2.jpg","keywords":["COMMUNITY","Full Circle Project","TEAM GREEN"],"inLanguage":"en-CA","potentialAction":[{"@type":"CommentAction","name":"Comment","target":["https:\/\/gflenv.com\/fr\/le-projet-du-cercle-complet-de-gfl-celebre-la-journee-mondiale-de-la-sante\/#respond"]}]},{"@type":"WebPage","@id":"https:\/\/gflenv.com\/fr\/le-projet-du-cercle-complet-de-gfl-celebre-la-journee-mondiale-de-la-sante\/","url":"https:\/\/gflenv.com\/fr\/le-projet-du-cercle-complet-de-gfl-celebre-la-journee-mondiale-de-la-sante\/","name":"Le Projet du cercle complet de GFL c\u00e9l\u00e8bre la Journ\u00e9e mondiale de la sant\u00e9 - GFL Environmental Inc.","isPartOf":{"@id":"https:\/\/gflenv.com\/#website"},"primaryImageOfPage":{"@id":"https:\/\/gflenv.com\/fr\/le-projet-du-cercle-complet-de-gfl-celebre-la-journee-mondiale-de-la-sante\/#primaryimage"},"image":{"@id":"https:\/\/gflenv.com\/fr\/le-projet-du-cercle-complet-de-gfl-celebre-la-journee-mondiale-de-la-sante\/#primaryimage"},"thumbnailUrl":"https:\/\/gflenv.com\/wp-content\/uploads\/2020\/12\/GFL-Environmental-Blog-v2.jpg","datePublished":"2023-04-06T16:05:41+00:00","dateModified":"2023-04-06T16:05:42+00:00","breadcrumb":{"@id":"https:\/\/gflenv.com\/fr\/le-projet-du-cercle-complet-de-gfl-celebre-la-journee-mondiale-de-la-sante\/#breadcrumb"},"inLanguage":"en-CA","potentialAction":[{"@type":"ReadAction","target":["https:\/\/gflenv.com\/fr\/le-projet-du-cercle-complet-de-gfl-celebre-la-journee-mondiale-de-la-sante\/"]}]},{"@type":"ImageObject","inLanguage":"en-CA","@id":"https:\/\/gflenv.com\/fr\/le-projet-du-cercle-complet-de-gfl-celebre-la-journee-mondiale-de-la-sante\/#primaryimage","url":"https:\/\/gflenv.com\/wp-content\/uploads\/2020\/12\/GFL-Environmental-Blog-v2.jpg","contentUrl":"https:\/\/gflenv.com\/wp-content\/uploads\/2020\/12\/GFL-Environmental-Blog-v2.jpg","width":800,"height":425,"caption":"Outside GFL building with GFL logo on a wall and a lens flare"},{"@type":"BreadcrumbList","@id":"https:\/\/gflenv.com\/fr\/le-projet-du-cercle-complet-de-gfl-celebre-la-journee-mondiale-de-la-sante\/#breadcrumb","itemListElement":[{"@type":"ListItem","position":1,"name":"Home","item":"https:\/\/gflenv.com\/"},{"@type":"ListItem","position":2,"name":"Le Projet du cercle complet de GFL c\u00e9l\u00e8bre la Journ\u00e9e mondiale de la sant\u00e9"}]},{"@type":"WebSite","@id":"https:\/\/gflenv.com\/#website","url":"https:\/\/gflenv.com\/","name":"GFL Environmental Inc.","description":"Waste Management &amp; Environmental Services","publisher":{"@id":"https:\/\/gflenv.com\/#organization"},"potentialAction":[{"@type":"SearchAction","target":{"@type":"EntryPoint","urlTemplate":"https:\/\/gflenv.com\/?s={search_term_string}"},"query-input":{"@type":"PropertyValueSpecification","valueRequired":true,"valueName":"search_term_string"}}],"inLanguage":"en-CA"},{"@type":"Organization","@id":"https:\/\/gflenv.com\/#organization","name":"GFL Environmental Inc.","alternateName":"GFL","url":"https:\/\/gflenv.com\/","logo":{"@type":"ImageObject","inLanguage":"en-CA","@id":"https:\/\/gflenv.com\/#\/schema\/logo\/image\/","url":"https:\/\/gflenv.com\/wp-content\/uploads\/2025\/10\/GFL_Env_LOGO_Stacked_RGB-1.png","contentUrl":"https:\/\/gflenv.com\/wp-content\/uploads\/2025\/10\/GFL_Env_LOGO_Stacked_RGB-1.png","width":1569,"height":1627,"caption":"GFL Environmental Inc."},"image":{"@id":"https:\/\/gflenv.com\/#\/schema\/logo\/image\/"},"sameAs":["https:\/\/www.facebook.com\/gflenvironmental","https:\/\/x.com\/gflenv","https:\/\/www.linkedin.com\/company\/gflenvironmental\/","https:\/\/www.youtube.com\/channel\/UC4j8cdyyHcZEXgSFX-jbD5g","https:\/\/www.instagram.com\/gflenvironmental"]},{"@type":"Person","@id":"https:\/\/gflenv.com\/#\/schema\/person\/16a92b15d45799dffba7f6c523ccf88d","name":"Cat Bonner","image":{"@type":"ImageObject","inLanguage":"en-CA","@id":"https:\/\/secure.gravatar.com\/avatar\/56e7836490cc88082e0d60c415c21ea54e5ed144b6835ce9c1476634614862a3?s=96&d=mm&r=g","url":"https:\/\/secure.gravatar.com\/avatar\/56e7836490cc88082e0d60c415c21ea54e5ed144b6835ce9c1476634614862a3?s=96&d=mm&r=g","contentUrl":"https:\/\/secure.gravatar.com\/avatar\/56e7836490cc88082e0d60c415c21ea54e5ed144b6835ce9c1476634614862a3?s=96&d=mm&r=g","caption":"Cat Bonner"}}]}},"_links":{"self":[{"href":"https:\/\/gflenv.com\/fr\/wp-json\/wp\/v2\/posts\/38506","targetHints":{"allow":["GET"]}}],"collection":[{"href":"https:\/\/gflenv.com\/fr\/wp-json\/wp\/v2\/posts"}],"about":[{"href":"https:\/\/gflenv.com\/fr\/wp-json\/wp\/v2\/types\/post"}],"author":[{"embeddable":true,"href":"https:\/\/gflenv.com\/fr\/wp-json\/wp\/v2\/users\/7"}],"replies":[{"embeddable":true,"href":"https:\/\/gflenv.com\/fr\/wp-json\/wp\/v2\/comments?post=38506"}],"version-history":[{"count":0,"href":"https:\/\/gflenv.com\/fr\/wp-json\/wp\/v2\/posts\/38506\/revisions"}],"wp:featuredmedia":[{"embeddable":true,"href":"https:\/\/gflenv.com\/fr\/wp-json\/wp\/v2\/media\/19122"}],"wp:attachment":[{"href":"https:\/\/gflenv.com\/fr\/wp-json\/wp\/v2\/media?parent=38506"}],"wp:term":[{"taxonomy":"category","embeddable":true,"href":"https:\/\/gflenv.com\/fr\/wp-json\/wp\/v2\/categories?post=38506"},{"taxonomy":"post_tag","embeddable":true,"href":"https:\/\/gflenv.com\/fr\/wp-json\/wp\/v2\/tags?post=38506"}],"curies":[{"name":"wp","href":"https:\/\/api.w.org\/{rel}","templated":true}]}}