{"id":40162,"date":"2023-11-08T21:40:45","date_gmt":"2023-11-08T21:40:45","guid":{"rendered":"https:\/\/gflenv.com\/?p=40162"},"modified":"2023-11-10T01:22:42","modified_gmt":"2023-11-10T01:22:42","slug":"les-employes-de-gfl-participent-a-une-collecte-de-dons-de-plasma","status":"publish","type":"post","link":"https:\/\/gflenv.com\/fr\/les-employes-de-gfl-participent-a-une-collecte-de-dons-de-plasma\/","title":{"rendered":"Les employ\u00e9s de GFL participent \u00e0 la collecte de dons de plasma"},"content":{"rendered":"\n<figure class=\"wp-block-image size-large\"><img loading=\"lazy\" decoding=\"async\" width=\"1024\" height=\"768\" src=\"https:\/\/gflenv.com\/wp-content\/uploads\/2023\/11\/MicrosoftTeams-image-25-1024x768.jpg\" alt=\"Les employ&#xE9;s de GFL participent &#xE0; la collecte de dons de plasma  \" class=\"wp-image-40158\" srcset=\"https:\/\/gflenv.com\/wp-content\/uploads\/2023\/11\/MicrosoftTeams-image-25-1024x768.jpg 1024w, https:\/\/gflenv.com\/wp-content\/uploads\/2023\/11\/MicrosoftTeams-image-25-300x225.jpg 300w, https:\/\/gflenv.com\/wp-content\/uploads\/2023\/11\/MicrosoftTeams-image-25-768x576.jpg 768w, https:\/\/gflenv.com\/wp-content\/uploads\/2023\/11\/MicrosoftTeams-image-25-1536x1152.jpg 1536w, https:\/\/gflenv.com\/wp-content\/uploads\/2023\/11\/MicrosoftTeams-image-25-2048x1536.jpg 2048w, https:\/\/gflenv.com\/wp-content\/uploads\/2023\/11\/MicrosoftTeams-image-25-1200x900.jpg 1200w, https:\/\/gflenv.com\/wp-content\/uploads\/2023\/11\/MicrosoftTeams-image-25-1980x1485.jpg 1980w\" sizes=\"auto, (max-width: 1024px) 100vw, 1024px\" \/><\/figure>\n\n<p>GFL s\u2019est r\u00e9cemment associ\u00e9e \u00e0 la Soci\u00e9t\u00e9 <a href=\"https:\/\/www.blood.ca\/en\"><\/a> canadienne du sang pour organiser une collecte de dons de plasma en l\u2019honneur du centre de dons de plasma nouvellement ouvert pr\u00e8s du si\u00e8ge social de GFL \u00e0 Vaughan, en Ontario.<\/p>\n\n<p>Les employ\u00e9s de GFL ont fait don de leur plasma dans le but d\u2019aider les patients des h\u00f4pitaux locaux qui ont besoin de ce composant vital dans le sang.\u00a0<\/p>\n\n<p>\u00ab\u00a0C\u2019\u00e9tait incroyable de voir notre \u00e9quipe se r\u00e9unir pour soutenir la communaut\u00e9 et apprendre comment nos dons ont un impact positif sur les b\u00e9n\u00e9ficiaires\u00a0\u00bb, a d\u00e9clar\u00e9 Christine Thomas, adjointe ex\u00e9cutive, qui a aid\u00e9 \u00e0 coordonner la campagne. \u00ab\u00a0Nous avons eu beaucoup de donneurs pour la premi\u00e8re fois et le fait de pouvoir nous soutenir mutuellement a rendu l\u2019ensemble du processus moins intimidant.\u00a0\u00bb<\/p>\n\n<p>La collecte de dons de plasma a \u00e9t\u00e9 organis\u00e9e \u00e0 l\u2019emplacement de Woodbridge de la Soci\u00e9t\u00e9 canadienne du sang. Environ 28 personnes ont fait un don, y compris des employ\u00e9s du si\u00e8ge social de GFL et quelques employ\u00e9s des succursales de Hamilton et Etobicoke.<\/p>\n\n<p>Le plasma est un composant crucial du sang qui contient des anticorps qui sauvent des vies. Il joue un r\u00f4le essentiel dans le traitement de diverses affections m\u00e9dicales, y compris les d\u00e9ficits immunitaires, les br\u00fblures graves et ceux qui ont subi une greffe d\u2019organe.\u00a0\u00a0<\/p>\n\n<p>La Soci\u00e9t\u00e9 canadienne du sang a invit\u00e9 la conf\u00e9renci\u00e8re invit\u00e9e et r\u00e9cipiendaire de plasma Angela DiMondo \u00e0 la campagne pour raconter son histoire.<\/p>\n\n<p>DiMondo pr\u00e9sente une immunod\u00e9ficience variable commune (CVID), une maladie caract\u00e9ris\u00e9e par de faibles taux d\u2019anticorps protecteurs et un risque accru d\u2019infections.<\/p>\n\n<p>Elle a re\u00e7u des produits plasmatiques au cours des 36 derni\u00e8res ann\u00e9es et re\u00e7oit environ 40 grammes d\u2019immunoglobuline toutes les quatre semaines pour s\u2019assurer qu\u2019elle peut vivre une vie saine.<\/p>\n\n<p>Le besoin de dons de sang et de plasma est plus important que jamais. Selon la Soci\u00e9t\u00e9 canadienne du sang, en moyenne, une personne au Canada a besoin de sang toutes les 60 secondes. Des d\u00e9fis inattendus au cours de l\u2019\u00e9t\u00e9 dernier, comme les vagues de chaleur, les incendies de for\u00eat et les inondations, ont entra\u00een\u00e9 moins de personnes pouvant faire des dons.\u00a0\u00a0<\/p>\n\n<p>Nous remercions tous nos employ\u00e9s qui ont particip\u00e9 \u00e0 la collecte de dons de plasma et nous sommes impatients de poursuivre notre partenariat avec la Soci\u00e9t\u00e9 canadienne du sang.<\/p>\n\n<figure class=\"wp-block-image size-large\"><img loading=\"lazy\" decoding=\"async\" width=\"1024\" height=\"576\" src=\"https:\/\/gflenv.com\/wp-content\/uploads\/2023\/11\/MicrosoftTeams-image-26-1024x576.jpg\" alt=\"\" class=\"wp-image-40154\" srcset=\"https:\/\/gflenv.com\/wp-content\/uploads\/2023\/11\/MicrosoftTeams-image-26-1024x576.jpg 1024w, https:\/\/gflenv.com\/wp-content\/uploads\/2023\/11\/MicrosoftTeams-image-26-300x169.jpg 300w, https:\/\/gflenv.com\/wp-content\/uploads\/2023\/11\/MicrosoftTeams-image-26-768x432.jpg 768w, https:\/\/gflenv.com\/wp-content\/uploads\/2023\/11\/MicrosoftTeams-image-26-1536x864.jpg 1536w, https:\/\/gflenv.com\/wp-content\/uploads\/2023\/11\/MicrosoftTeams-image-26-1200x675.jpg 1200w, https:\/\/gflenv.com\/wp-content\/uploads\/2023\/11\/MicrosoftTeams-image-26.jpg 1920w\" sizes=\"auto, (max-width: 1024px) 100vw, 1024px\" \/><\/figure>\n\n<figure class=\"wp-block-image size-large\"><img loading=\"lazy\" decoding=\"async\" width=\"1024\" height=\"576\" src=\"https:\/\/gflenv.com\/wp-content\/uploads\/2023\/11\/MicrosoftTeams-image-27-1024x576.jpg\" alt=\"\" class=\"wp-image-40152\" srcset=\"https:\/\/gflenv.com\/wp-content\/uploads\/2023\/11\/MicrosoftTeams-image-27-1024x576.jpg 1024w, https:\/\/gflenv.com\/wp-content\/uploads\/2023\/11\/MicrosoftTeams-image-27-300x169.jpg 300w, https:\/\/gflenv.com\/wp-content\/uploads\/2023\/11\/MicrosoftTeams-image-27-768x432.jpg 768w, https:\/\/gflenv.com\/wp-content\/uploads\/2023\/11\/MicrosoftTeams-image-27-1536x864.jpg 1536w, https:\/\/gflenv.com\/wp-content\/uploads\/2023\/11\/MicrosoftTeams-image-27-1200x675.jpg 1200w, https:\/\/gflenv.com\/wp-content\/uploads\/2023\/11\/MicrosoftTeams-image-27.jpg 1920w\" sizes=\"auto, (max-width: 1024px) 100vw, 1024px\" \/><\/figure>\n\n<figure class=\"wp-block-image size-large\"><img loading=\"lazy\" decoding=\"async\" width=\"1024\" height=\"576\" src=\"https:\/\/gflenv.com\/wp-content\/uploads\/2023\/11\/MicrosoftTeams-image-29-1024x576.jpg\" alt=\"\" class=\"wp-image-40148\" srcset=\"https:\/\/gflenv.com\/wp-content\/uploads\/2023\/11\/MicrosoftTeams-image-29-1024x576.jpg 1024w, https:\/\/gflenv.com\/wp-content\/uploads\/2023\/11\/MicrosoftTeams-image-29-300x169.jpg 300w, https:\/\/gflenv.com\/wp-content\/uploads\/2023\/11\/MicrosoftTeams-image-29-768x432.jpg 768w, https:\/\/gflenv.com\/wp-content\/uploads\/2023\/11\/MicrosoftTeams-image-29-1536x864.jpg 1536w, https:\/\/gflenv.com\/wp-content\/uploads\/2023\/11\/MicrosoftTeams-image-29-1200x675.jpg 1200w, https:\/\/gflenv.com\/wp-content\/uploads\/2023\/11\/MicrosoftTeams-image-29.jpg 1920w\" sizes=\"auto, (max-width: 1024px) 100vw, 1024px\" \/><\/figure>\n\n<figure class=\"wp-block-image size-large\"><img loading=\"lazy\" decoding=\"async\" width=\"1024\" height=\"576\" src=\"https:\/\/gflenv.com\/wp-content\/uploads\/2023\/11\/MicrosoftTeams-image-28-1024x576.jpg\" alt=\"\" class=\"wp-image-40150\" srcset=\"https:\/\/gflenv.com\/wp-content\/uploads\/2023\/11\/MicrosoftTeams-image-28-1024x576.jpg 1024w, https:\/\/gflenv.com\/wp-content\/uploads\/2023\/11\/MicrosoftTeams-image-28-300x169.jpg 300w, https:\/\/gflenv.com\/wp-content\/uploads\/2023\/11\/MicrosoftTeams-image-28-768x432.jpg 768w, https:\/\/gflenv.com\/wp-content\/uploads\/2023\/11\/MicrosoftTeams-image-28-1536x864.jpg 1536w, https:\/\/gflenv.com\/wp-content\/uploads\/2023\/11\/MicrosoftTeams-image-28-1200x675.jpg 1200w, https:\/\/gflenv.com\/wp-content\/uploads\/2023\/11\/MicrosoftTeams-image-28.jpg 1920w\" sizes=\"auto, (max-width: 1024px) 100vw, 1024px\" \/><\/figure>\n\n<figure class=\"wp-block-image size-large\"><img loading=\"lazy\" decoding=\"async\" width=\"1024\" height=\"576\" src=\"https:\/\/gflenv.com\/wp-content\/uploads\/2023\/11\/GFL2023-BloodDrive_Insite3-1024x576.jpg\" alt=\"\" class=\"wp-image-40156\" srcset=\"https:\/\/gflenv.com\/wp-content\/uploads\/2023\/11\/GFL2023-BloodDrive_Insite3-1024x576.jpg 1024w, https:\/\/gflenv.com\/wp-content\/uploads\/2023\/11\/GFL2023-BloodDrive_Insite3-300x169.jpg 300w, https:\/\/gflenv.com\/wp-content\/uploads\/2023\/11\/GFL2023-BloodDrive_Insite3-768x432.jpg 768w, https:\/\/gflenv.com\/wp-content\/uploads\/2023\/11\/GFL2023-BloodDrive_Insite3-1536x864.jpg 1536w, https:\/\/gflenv.com\/wp-content\/uploads\/2023\/11\/GFL2023-BloodDrive_Insite3-1200x675.jpg 1200w, https:\/\/gflenv.com\/wp-content\/uploads\/2023\/11\/GFL2023-BloodDrive_Insite3.jpg 1920w\" sizes=\"auto, (max-width: 1024px) 100vw, 1024px\" \/><\/figure>\n","protected":false},"excerpt":{"rendered":"<p>GFL s\u2019est r\u00e9cemment associ\u00e9e \u00e0 la Soci\u00e9t\u00e9 canadienne du sang pour organiser une collecte de dons de plasma en l\u2019honneur du centre de dons de plasma nouvellement ouvert pr\u00e8s du si\u00e8ge social de GFL \u00e0 Vaughan, en Ontario. Les employ\u00e9s de GFL ont fait don de leur plasma dans le but d\u2019aider les patients des [&hellip;]<\/p>\n","protected":false},"author":20,"featured_media":10092,"comment_status":"open","ping_status":"open","sticky":false,"template":"","format":"standard","meta":{"_acf_changed":false,"inline_featured_image":false,"footnotes":""},"categories":[21,1],"tags":[124,139],"class_list":["post-40162","post","type-post","status-publish","format-standard","has-post-thumbnail","hentry","category-non-classifiee","category-uncategorized","tag-team-green","tag-vert-dequipe"],"acf":[],"yoast_head":"<!-- This site is optimized with the Yoast SEO plugin v27.4 - https:\/\/yoast.com\/product\/yoast-seo-wordpress\/ -->\n<title>Les employ\u00e9s de GFL participent \u00e0 la collecte de dons de plasma - GFL Environmental Inc.<\/title>\n<meta name=\"robots\" content=\"index, follow, max-snippet:-1, max-image-preview:large, max-video-preview:-1\" \/>\n<link rel=\"canonical\" href=\"https:\/\/gflenv.com\/fr\/les-employes-de-gfl-participent-a-une-collecte-de-dons-de-plasma\/\" \/>\n<meta property=\"og:locale\" content=\"en_US\" \/>\n<meta property=\"og:type\" content=\"article\" \/>\n<meta property=\"og:title\" content=\"Les employ\u00e9s de GFL participent \u00e0 la collecte de dons de plasma - GFL Environmental Inc.\" \/>\n<meta property=\"og:description\" content=\"GFL s\u2019est r\u00e9cemment associ\u00e9e \u00e0 la Soci\u00e9t\u00e9 canadienne du sang pour organiser une collecte de dons de plasma en l\u2019honneur du centre de dons de plasma nouvellement ouvert pr\u00e8s du si\u00e8ge social de GFL \u00e0 Vaughan, en Ontario. Les employ\u00e9s de GFL ont fait don de leur plasma dans le but d\u2019aider les patients des [&hellip;]\" \/>\n<meta property=\"og:url\" content=\"https:\/\/gflenv.com\/fr\/les-employes-de-gfl-participent-a-une-collecte-de-dons-de-plasma\/\" \/>\n<meta property=\"og:site_name\" content=\"GFL Environmental Inc.\" \/>\n<meta property=\"article:publisher\" content=\"https:\/\/www.facebook.com\/gflenvironmental\" \/>\n<meta property=\"article:published_time\" content=\"2023-11-08T21:40:45+00:00\" \/>\n<meta property=\"article:modified_time\" content=\"2023-11-10T01:22:42+00:00\" \/>\n<meta property=\"og:image\" content=\"https:\/\/gflenv.com\/wp-content\/uploads\/2018\/08\/GFL-Environmental-Blog.jpg\" \/>\n\t<meta property=\"og:image:width\" content=\"800\" \/>\n\t<meta property=\"og:image:height\" content=\"425\" \/>\n\t<meta property=\"og:image:type\" content=\"image\/jpeg\" \/>\n<meta name=\"author\" content=\"mstith@gflenv.com\" \/>\n<meta name=\"twitter:card\" content=\"summary_large_image\" \/>\n<meta name=\"twitter:creator\" content=\"@gflenv\" \/>\n<meta name=\"twitter:site\" content=\"@gflenv\" \/>\n<meta name=\"twitter:label1\" content=\"Written by\" \/>\n\t<meta name=\"twitter:data1\" content=\"mstith@gflenv.com\" \/>\n\t<meta name=\"twitter:label2\" content=\"Est. reading time\" \/>\n\t<meta name=\"twitter:data2\" content=\"3 minutes\" \/>\n<script type=\"application\/ld+json\" class=\"yoast-schema-graph\">{\"@context\":\"https:\\\/\\\/schema.org\",\"@graph\":[{\"@type\":\"Article\",\"@id\":\"https:\\\/\\\/gflenv.com\\\/fr\\\/les-employes-de-gfl-participent-a-une-collecte-de-dons-de-plasma\\\/#article\",\"isPartOf\":{\"@id\":\"https:\\\/\\\/gflenv.com\\\/fr\\\/les-employes-de-gfl-participent-a-une-collecte-de-dons-de-plasma\\\/\"},\"author\":{\"name\":\"mstith@gflenv.com\",\"@id\":\"https:\\\/\\\/gflenv.com\\\/#\\\/schema\\\/person\\\/14a6757b63af5247b088e174da9a9755\"},\"headline\":\"Les employ\u00e9s de GFL participent \u00e0 la collecte de dons de plasma\",\"datePublished\":\"2023-11-08T21:40:45+00:00\",\"dateModified\":\"2023-11-10T01:22:42+00:00\",\"mainEntityOfPage\":{\"@id\":\"https:\\\/\\\/gflenv.com\\\/fr\\\/les-employes-de-gfl-participent-a-une-collecte-de-dons-de-plasma\\\/\"},\"wordCount\":439,\"commentCount\":0,\"publisher\":{\"@id\":\"https:\\\/\\\/gflenv.com\\\/#organization\"},\"image\":{\"@id\":\"https:\\\/\\\/gflenv.com\\\/fr\\\/les-employes-de-gfl-participent-a-une-collecte-de-dons-de-plasma\\\/#primaryimage\"},\"thumbnailUrl\":\"https:\\\/\\\/gflenv.com\\\/wp-content\\\/uploads\\\/2018\\\/08\\\/GFL-Environmental-Blog.jpg\",\"keywords\":[\"TEAM GREEN\",\"VERT D\u2019\u00c9QUIPE\"],\"articleSection\":[\"Non classifi\u00e9(e)\"],\"inLanguage\":\"en-CA\",\"potentialAction\":[{\"@type\":\"CommentAction\",\"name\":\"Comment\",\"target\":[\"https:\\\/\\\/gflenv.com\\\/fr\\\/les-employes-de-gfl-participent-a-une-collecte-de-dons-de-plasma\\\/#respond\"]}]},{\"@type\":\"WebPage\",\"@id\":\"https:\\\/\\\/gflenv.com\\\/fr\\\/les-employes-de-gfl-participent-a-une-collecte-de-dons-de-plasma\\\/\",\"url\":\"https:\\\/\\\/gflenv.com\\\/fr\\\/les-employes-de-gfl-participent-a-une-collecte-de-dons-de-plasma\\\/\",\"name\":\"Les employ\u00e9s de GFL participent \u00e0 la collecte de dons de plasma - GFL Environmental Inc.\",\"isPartOf\":{\"@id\":\"https:\\\/\\\/gflenv.com\\\/#website\"},\"primaryImageOfPage\":{\"@id\":\"https:\\\/\\\/gflenv.com\\\/fr\\\/les-employes-de-gfl-participent-a-une-collecte-de-dons-de-plasma\\\/#primaryimage\"},\"image\":{\"@id\":\"https:\\\/\\\/gflenv.com\\\/fr\\\/les-employes-de-gfl-participent-a-une-collecte-de-dons-de-plasma\\\/#primaryimage\"},\"thumbnailUrl\":\"https:\\\/\\\/gflenv.com\\\/wp-content\\\/uploads\\\/2018\\\/08\\\/GFL-Environmental-Blog.jpg\",\"datePublished\":\"2023-11-08T21:40:45+00:00\",\"dateModified\":\"2023-11-10T01:22:42+00:00\",\"breadcrumb\":{\"@id\":\"https:\\\/\\\/gflenv.com\\\/fr\\\/les-employes-de-gfl-participent-a-une-collecte-de-dons-de-plasma\\\/#breadcrumb\"},\"inLanguage\":\"en-CA\",\"potentialAction\":[{\"@type\":\"ReadAction\",\"target\":[\"https:\\\/\\\/gflenv.com\\\/fr\\\/les-employes-de-gfl-participent-a-une-collecte-de-dons-de-plasma\\\/\"]}]},{\"@type\":\"ImageObject\",\"inLanguage\":\"en-CA\",\"@id\":\"https:\\\/\\\/gflenv.com\\\/fr\\\/les-employes-de-gfl-participent-a-une-collecte-de-dons-de-plasma\\\/#primaryimage\",\"url\":\"https:\\\/\\\/gflenv.com\\\/wp-content\\\/uploads\\\/2018\\\/08\\\/GFL-Environmental-Blog.jpg\",\"contentUrl\":\"https:\\\/\\\/gflenv.com\\\/wp-content\\\/uploads\\\/2018\\\/08\\\/GFL-Environmental-Blog.jpg\",\"width\":800,\"height\":425,\"caption\":\"GFL Environmental Blog\"},{\"@type\":\"BreadcrumbList\",\"@id\":\"https:\\\/\\\/gflenv.com\\\/fr\\\/les-employes-de-gfl-participent-a-une-collecte-de-dons-de-plasma\\\/#breadcrumb\",\"itemListElement\":[{\"@type\":\"ListItem\",\"position\":1,\"name\":\"Home\",\"item\":\"https:\\\/\\\/gflenv.com\\\/\"},{\"@type\":\"ListItem\",\"position\":2,\"name\":\"Les employ\u00e9s de GFL participent \u00e0 la collecte de dons de plasma\"}]},{\"@type\":\"WebSite\",\"@id\":\"https:\\\/\\\/gflenv.com\\\/#website\",\"url\":\"https:\\\/\\\/gflenv.com\\\/\",\"name\":\"GFL Environmental Inc.\",\"description\":\"Waste Management &amp; Environmental Services\",\"publisher\":{\"@id\":\"https:\\\/\\\/gflenv.com\\\/#organization\"},\"potentialAction\":[{\"@type\":\"SearchAction\",\"target\":{\"@type\":\"EntryPoint\",\"urlTemplate\":\"https:\\\/\\\/gflenv.com\\\/?s={search_term_string}\"},\"query-input\":{\"@type\":\"PropertyValueSpecification\",\"valueRequired\":true,\"valueName\":\"search_term_string\"}}],\"inLanguage\":\"en-CA\"},{\"@type\":\"Organization\",\"@id\":\"https:\\\/\\\/gflenv.com\\\/#organization\",\"name\":\"GFL Environmental Inc.\",\"alternateName\":\"GFL\",\"url\":\"https:\\\/\\\/gflenv.com\\\/\",\"logo\":{\"@type\":\"ImageObject\",\"inLanguage\":\"en-CA\",\"@id\":\"https:\\\/\\\/gflenv.com\\\/#\\\/schema\\\/logo\\\/image\\\/\",\"url\":\"https:\\\/\\\/gflenv.com\\\/wp-content\\\/uploads\\\/2025\\\/10\\\/GFL_Env_LOGO_Stacked_RGB-1.png\",\"contentUrl\":\"https:\\\/\\\/gflenv.com\\\/wp-content\\\/uploads\\\/2025\\\/10\\\/GFL_Env_LOGO_Stacked_RGB-1.png\",\"width\":1569,\"height\":1627,\"caption\":\"GFL Environmental Inc.\"},\"image\":{\"@id\":\"https:\\\/\\\/gflenv.com\\\/#\\\/schema\\\/logo\\\/image\\\/\"},\"sameAs\":[\"https:\\\/\\\/www.facebook.com\\\/gflenvironmental\",\"https:\\\/\\\/x.com\\\/gflenv\",\"https:\\\/\\\/www.linkedin.com\\\/company\\\/gflenvironmental\\\/\",\"https:\\\/\\\/www.youtube.com\\\/channel\\\/UC4j8cdyyHcZEXgSFX-jbD5g\",\"https:\\\/\\\/www.instagram.com\\\/gflenvironmental\"]},{\"@type\":\"Person\",\"@id\":\"https:\\\/\\\/gflenv.com\\\/#\\\/schema\\\/person\\\/14a6757b63af5247b088e174da9a9755\",\"name\":\"mstith@gflenv.com\",\"image\":{\"@type\":\"ImageObject\",\"inLanguage\":\"en-CA\",\"@id\":\"https:\\\/\\\/secure.gravatar.com\\\/avatar\\\/f99667e340a34794d5b15547add06a262c2a11c74178c99544deabd1a9855e21?s=96&d=mm&r=g\",\"url\":\"https:\\\/\\\/secure.gravatar.com\\\/avatar\\\/f99667e340a34794d5b15547add06a262c2a11c74178c99544deabd1a9855e21?s=96&d=mm&r=g\",\"contentUrl\":\"https:\\\/\\\/secure.gravatar.com\\\/avatar\\\/f99667e340a34794d5b15547add06a262c2a11c74178c99544deabd1a9855e21?s=96&d=mm&r=g\",\"caption\":\"mstith@gflenv.com\"}}]}<\/script>\n<!-- \/ Yoast SEO plugin. -->","yoast_head_json":{"title":"Les employ\u00e9s de GFL participent \u00e0 la collecte de dons de plasma - GFL Environmental Inc.","robots":{"index":"index","follow":"follow","max-snippet":"max-snippet:-1","max-image-preview":"max-image-preview:large","max-video-preview":"max-video-preview:-1"},"canonical":"https:\/\/gflenv.com\/fr\/les-employes-de-gfl-participent-a-une-collecte-de-dons-de-plasma\/","og_locale":"en_US","og_type":"article","og_title":"Les employ\u00e9s de GFL participent \u00e0 la collecte de dons de plasma - GFL Environmental Inc.","og_description":"GFL s\u2019est r\u00e9cemment associ\u00e9e \u00e0 la Soci\u00e9t\u00e9 canadienne du sang pour organiser une collecte de dons de plasma en l\u2019honneur du centre de dons de plasma nouvellement ouvert pr\u00e8s du si\u00e8ge social de GFL \u00e0 Vaughan, en Ontario. Les employ\u00e9s de GFL ont fait don de leur plasma dans le but d\u2019aider les patients des [&hellip;]","og_url":"https:\/\/gflenv.com\/fr\/les-employes-de-gfl-participent-a-une-collecte-de-dons-de-plasma\/","og_site_name":"GFL Environmental Inc.","article_publisher":"https:\/\/www.facebook.com\/gflenvironmental","article_published_time":"2023-11-08T21:40:45+00:00","article_modified_time":"2023-11-10T01:22:42+00:00","og_image":[{"width":800,"height":425,"url":"https:\/\/gflenv.com\/wp-content\/uploads\/2018\/08\/GFL-Environmental-Blog.jpg","type":"image\/jpeg"}],"author":"mstith@gflenv.com","twitter_card":"summary_large_image","twitter_creator":"@gflenv","twitter_site":"@gflenv","twitter_misc":{"Written by":"mstith@gflenv.com","Est. reading time":"3 minutes"},"schema":{"@context":"https:\/\/schema.org","@graph":[{"@type":"Article","@id":"https:\/\/gflenv.com\/fr\/les-employes-de-gfl-participent-a-une-collecte-de-dons-de-plasma\/#article","isPartOf":{"@id":"https:\/\/gflenv.com\/fr\/les-employes-de-gfl-participent-a-une-collecte-de-dons-de-plasma\/"},"author":{"name":"mstith@gflenv.com","@id":"https:\/\/gflenv.com\/#\/schema\/person\/14a6757b63af5247b088e174da9a9755"},"headline":"Les employ\u00e9s de GFL participent \u00e0 la collecte de dons de plasma","datePublished":"2023-11-08T21:40:45+00:00","dateModified":"2023-11-10T01:22:42+00:00","mainEntityOfPage":{"@id":"https:\/\/gflenv.com\/fr\/les-employes-de-gfl-participent-a-une-collecte-de-dons-de-plasma\/"},"wordCount":439,"commentCount":0,"publisher":{"@id":"https:\/\/gflenv.com\/#organization"},"image":{"@id":"https:\/\/gflenv.com\/fr\/les-employes-de-gfl-participent-a-une-collecte-de-dons-de-plasma\/#primaryimage"},"thumbnailUrl":"https:\/\/gflenv.com\/wp-content\/uploads\/2018\/08\/GFL-Environmental-Blog.jpg","keywords":["TEAM GREEN","VERT D\u2019\u00c9QUIPE"],"articleSection":["Non classifi\u00e9(e)"],"inLanguage":"en-CA","potentialAction":[{"@type":"CommentAction","name":"Comment","target":["https:\/\/gflenv.com\/fr\/les-employes-de-gfl-participent-a-une-collecte-de-dons-de-plasma\/#respond"]}]},{"@type":"WebPage","@id":"https:\/\/gflenv.com\/fr\/les-employes-de-gfl-participent-a-une-collecte-de-dons-de-plasma\/","url":"https:\/\/gflenv.com\/fr\/les-employes-de-gfl-participent-a-une-collecte-de-dons-de-plasma\/","name":"Les employ\u00e9s de GFL participent \u00e0 la collecte de dons de plasma - GFL Environmental Inc.","isPartOf":{"@id":"https:\/\/gflenv.com\/#website"},"primaryImageOfPage":{"@id":"https:\/\/gflenv.com\/fr\/les-employes-de-gfl-participent-a-une-collecte-de-dons-de-plasma\/#primaryimage"},"image":{"@id":"https:\/\/gflenv.com\/fr\/les-employes-de-gfl-participent-a-une-collecte-de-dons-de-plasma\/#primaryimage"},"thumbnailUrl":"https:\/\/gflenv.com\/wp-content\/uploads\/2018\/08\/GFL-Environmental-Blog.jpg","datePublished":"2023-11-08T21:40:45+00:00","dateModified":"2023-11-10T01:22:42+00:00","breadcrumb":{"@id":"https:\/\/gflenv.com\/fr\/les-employes-de-gfl-participent-a-une-collecte-de-dons-de-plasma\/#breadcrumb"},"inLanguage":"en-CA","potentialAction":[{"@type":"ReadAction","target":["https:\/\/gflenv.com\/fr\/les-employes-de-gfl-participent-a-une-collecte-de-dons-de-plasma\/"]}]},{"@type":"ImageObject","inLanguage":"en-CA","@id":"https:\/\/gflenv.com\/fr\/les-employes-de-gfl-participent-a-une-collecte-de-dons-de-plasma\/#primaryimage","url":"https:\/\/gflenv.com\/wp-content\/uploads\/2018\/08\/GFL-Environmental-Blog.jpg","contentUrl":"https:\/\/gflenv.com\/wp-content\/uploads\/2018\/08\/GFL-Environmental-Blog.jpg","width":800,"height":425,"caption":"GFL Environmental Blog"},{"@type":"BreadcrumbList","@id":"https:\/\/gflenv.com\/fr\/les-employes-de-gfl-participent-a-une-collecte-de-dons-de-plasma\/#breadcrumb","itemListElement":[{"@type":"ListItem","position":1,"name":"Home","item":"https:\/\/gflenv.com\/"},{"@type":"ListItem","position":2,"name":"Les employ\u00e9s de GFL participent \u00e0 la collecte de dons de plasma"}]},{"@type":"WebSite","@id":"https:\/\/gflenv.com\/#website","url":"https:\/\/gflenv.com\/","name":"GFL Environmental Inc.","description":"Waste Management &amp; Environmental Services","publisher":{"@id":"https:\/\/gflenv.com\/#organization"},"potentialAction":[{"@type":"SearchAction","target":{"@type":"EntryPoint","urlTemplate":"https:\/\/gflenv.com\/?s={search_term_string}"},"query-input":{"@type":"PropertyValueSpecification","valueRequired":true,"valueName":"search_term_string"}}],"inLanguage":"en-CA"},{"@type":"Organization","@id":"https:\/\/gflenv.com\/#organization","name":"GFL Environmental Inc.","alternateName":"GFL","url":"https:\/\/gflenv.com\/","logo":{"@type":"ImageObject","inLanguage":"en-CA","@id":"https:\/\/gflenv.com\/#\/schema\/logo\/image\/","url":"https:\/\/gflenv.com\/wp-content\/uploads\/2025\/10\/GFL_Env_LOGO_Stacked_RGB-1.png","contentUrl":"https:\/\/gflenv.com\/wp-content\/uploads\/2025\/10\/GFL_Env_LOGO_Stacked_RGB-1.png","width":1569,"height":1627,"caption":"GFL Environmental Inc."},"image":{"@id":"https:\/\/gflenv.com\/#\/schema\/logo\/image\/"},"sameAs":["https:\/\/www.facebook.com\/gflenvironmental","https:\/\/x.com\/gflenv","https:\/\/www.linkedin.com\/company\/gflenvironmental\/","https:\/\/www.youtube.com\/channel\/UC4j8cdyyHcZEXgSFX-jbD5g","https:\/\/www.instagram.com\/gflenvironmental"]},{"@type":"Person","@id":"https:\/\/gflenv.com\/#\/schema\/person\/14a6757b63af5247b088e174da9a9755","name":"mstith@gflenv.com","image":{"@type":"ImageObject","inLanguage":"en-CA","@id":"https:\/\/secure.gravatar.com\/avatar\/f99667e340a34794d5b15547add06a262c2a11c74178c99544deabd1a9855e21?s=96&d=mm&r=g","url":"https:\/\/secure.gravatar.com\/avatar\/f99667e340a34794d5b15547add06a262c2a11c74178c99544deabd1a9855e21?s=96&d=mm&r=g","contentUrl":"https:\/\/secure.gravatar.com\/avatar\/f99667e340a34794d5b15547add06a262c2a11c74178c99544deabd1a9855e21?s=96&d=mm&r=g","caption":"mstith@gflenv.com"}}]}},"_links":{"self":[{"href":"https:\/\/gflenv.com\/fr\/wp-json\/wp\/v2\/posts\/40162","targetHints":{"allow":["GET"]}}],"collection":[{"href":"https:\/\/gflenv.com\/fr\/wp-json\/wp\/v2\/posts"}],"about":[{"href":"https:\/\/gflenv.com\/fr\/wp-json\/wp\/v2\/types\/post"}],"author":[{"embeddable":true,"href":"https:\/\/gflenv.com\/fr\/wp-json\/wp\/v2\/users\/20"}],"replies":[{"embeddable":true,"href":"https:\/\/gflenv.com\/fr\/wp-json\/wp\/v2\/comments?post=40162"}],"version-history":[{"count":0,"href":"https:\/\/gflenv.com\/fr\/wp-json\/wp\/v2\/posts\/40162\/revisions"}],"wp:featuredmedia":[{"embeddable":true,"href":"https:\/\/gflenv.com\/fr\/wp-json\/wp\/v2\/media\/10092"}],"wp:attachment":[{"href":"https:\/\/gflenv.com\/fr\/wp-json\/wp\/v2\/media?parent=40162"}],"wp:term":[{"taxonomy":"category","embeddable":true,"href":"https:\/\/gflenv.com\/fr\/wp-json\/wp\/v2\/categories?post=40162"},{"taxonomy":"post_tag","embeddable":true,"href":"https:\/\/gflenv.com\/fr\/wp-json\/wp\/v2\/tags?post=40162"}],"curies":[{"name":"wp","href":"https:\/\/api.w.org\/{rel}","templated":true}]}}